{"id":148328,"date":"2022-05-22T06:55:08","date_gmt":"2022-05-22T10:55:08","guid":{"rendered":"https:\/\/linitiative.ca\/International\/cameroun-noso-deux-employes-de-medecins-sans-frontieres-remis-en-liberte-provisoire\/"},"modified":"2022-05-22T06:55:08","modified_gmt":"2022-05-22T10:55:08","slug":"cameroun-noso-deux-employes-de-medecins-sans-frontieres-remis-en-liberte-provisoire","status":"publish","type":"post","link":"https:\/\/linitiative.ca\/International\/cameroun-noso-deux-employes-de-medecins-sans-frontieres-remis-en-liberte-provisoire\/","title":{"rendered":"Cameroun-NOSO\u00a0: deux employ\u00e9s de M\u00e9decins Sans Fronti\u00e8res remis en libert\u00e9 provisoire"},"content":{"rendered":"<div>\n<p><img decoding=\"async\" width=\"500\" height=\"334\" src=\"https:\/\/linitiative.ca\/International\/wp-content\/uploads\/sites\/23\/2022\/05\/msf.jpg\" class=\"attachment-post-thumbnail size-post-thumbnail wp-post-image\" alt=\"\" loading=\"lazy\" srcset=\"https:\/\/linitiative.ca\/International\/wp-content\/uploads\/sites\/23\/2022\/05\/msf.jpg 500w, https:\/\/www.journalducameroun.com\/wp-content\/uploads\/2022\/05\/msf-300x200.jpg 300w\" sizes=\"auto, (max-width: 500px) 100vw, 500px\"><\/p>\n<h2 style=\"text-align: justify;\">Ils avaient \u00e9t\u00e9 arr\u00eat\u00e9s et \u00e9crou\u00e9s \u00e0 Bu\u00e9a, dans le Sud-ouest du pays.<\/h2>\n<p style=\"text-align: justify;\">La justice camerounaise soup\u00e7onnait les employ\u00e9s de l&rsquo;ONG de complicit\u00e9 avec les s\u00e9paratistes anglophones, apr\u00e8s avoir pris en charge un patient bless\u00e9 par balles. Rel\u00e2ch\u00e9s, ils sont aujourd&rsquo;hui en libert\u00e9 provisoire.<\/p>\n<p style=\"text-align: justify;\">Deux autres travailleurs de MSF, arr\u00eat\u00e9s quelques semaines plus tard dans la m\u00eame r\u00e9gion et pour le m\u00eame motif, sont toujours eux, en d\u00e9tention. et l&rsquo;ONG reste inqui\u00e8te.<\/p>\n<p style=\"text-align: justify;\">En avril, MSF avait annonc\u00e9 la suspension de ses activit\u00e9s dans le sud-ouest anglophone en raison de ces arrestations.<\/p>\n<p style=\"text-align: justify;\">Sylvain Groulx, responsable des op\u00e9rations de l\u2019ONG en Afrique Central a r\u00e9agi \u00e0 RFI. \u00a0\u00ab <em>Nous sommes heureux pour nos coll\u00e8gues qui peuvent se retrouver aujourd\u2019hui en libert\u00e9, se retrouver avec leur famille, surtout que l\u2019une des deux est enceinte de sept mois et demi. Elle avait besoin d\u2019avoir des soins m\u00e9dicaux pour son enfant.<\/em><\/p>\n<p style=\"text-align: justify;\"><em>Donc on est r\u00e9jouis, mais c\u2019est une libert\u00e9 provisoire. On ne sait pas encore s&rsquo;ils vont avoir des accusations criminelles qui vont \u00eatre port\u00e9es contre eux ou si ces accusations-l\u00e0 vont \u00eatre laiss\u00e9es en non-lieu. On esp\u00e8re que la cour prendra la\u00a0d\u00e9cision de ne pas continuer dans des proc\u00e9dures sachant les informations qu\u2019ils ont actuellement. Tr\u00e8s clairement, nos gens n\u2019ont rien fait de mal.<\/em><\/p>\n<p style=\"text-align: justify;\"><em>Et aussi nous sommes inquiets pour nos deux autres coll\u00e8gues qui sont d\u00e9tenus toujours pour encore des accusations pour avoir fait leur travail et qui ne font que soigner la population camerounaise. On esp\u00e8re que l\u2019on va avoir l\u2019opportunit\u00e9 d\u2019avoir ce dialogue avec les autorit\u00e9s et qu\u2019ils puissent nous donner des assurances de s\u00e9curit\u00e9 pour que l\u2019on puisse continuer notre travail le plus rapidement possible.<\/em> \u00bb<\/p>\n<p style=\"text-align: justify;\">La crise s\u00e9curitaire dans les deux r\u00e9gions \u00e0 majorit\u00e9 anglophone du Cameroun dure depuis plus de cinq ans. MSF apportait des soins gratuits \u00e0 la population bien au-del\u00e0 des blessures de guerre. En 2021, pour le Sud-Ouest, 165\u00a0000 consultations ont \u00e9t\u00e9 r\u00e9alis\u00e9es, dont plus de 42 000 pour des enfants de moins de cinq ans.<\/p>\n<p>Cet article <a rel=\"nofollow\" href=\"https:\/\/www.journalducameroun.com\/cameroun-noso-deux-employes-de-medecins-sans-frontieres-remis-en-liberte-provisoire\/\">Cameroun-NOSO\u00a0: deux employ\u00e9s de M\u00e9decins Sans Fronti\u00e8res remis en libert\u00e9 provisoire<\/a> est apparu en premier sur <a rel=\"nofollow\" href=\"https:\/\/www.journalducameroun.com\/\">Journal du Cameroun<\/a>.<\/p>\n<\/div>\n<p>Auteur: Esther FOSSI<br \/>\n<a href=\"https:\/\/www.journalducameroun.com\/cameroun-noso-deux-employes-de-medecins-sans-frontieres-remis-en-liberte-provisoire\/\">Cliquez ici pour lire l&rsquo;article depuis sa source.<\/a><\/p>\n","protected":false},"excerpt":{"rendered":"<p>Ils avaient \u00e9t\u00e9 arr\u00eat\u00e9s et \u00e9crou\u00e9s \u00e0 Bu\u00e9a, dans le Sud-ouest du pays. La justice camerounaise soup\u00e7onnait les employ\u00e9s de l&rsquo;ONG de complicit\u00e9 avec les s\u00e9paratistes anglophones, apr\u00e8s avoir pris en charge un patient bless\u00e9 par balles. Rel\u00e2ch\u00e9s, ils sont aujourd&rsquo;hui en libert\u00e9 provisoire. Deux autres travailleurs de MSF, arr\u00eat\u00e9s quelques semaines plus tard dans [&hellip;]<\/p>\n","protected":false},"author":1965,"featured_media":0,"comment_status":"closed","ping_status":"closed","sticky":false,"template":"","format":"standard","meta":{"fifu_image_url":"https:\/\/www.journalducameroun.com\/wp-content\/uploads\/2022\/05\/msf.jpg","fifu_image_alt":"Cameroun-NOSO\u00a0: deux employ\u00e9s de M\u00e9decins Sans Fronti\u00e8res remis en libert\u00e9 provisoire","footnotes":""},"categories":[73,82],"tags":[],"class_list":["post-148328","post","type-post","status-publish","format-standard","hentry","category-actualite","category-cameroun"],"_links":{"self":[{"href":"https:\/\/linitiative.ca\/International\/wp-json\/wp\/v2\/posts\/148328","targetHints":{"allow":["GET"]}}],"collection":[{"href":"https:\/\/linitiative.ca\/International\/wp-json\/wp\/v2\/posts"}],"about":[{"href":"https:\/\/linitiative.ca\/International\/wp-json\/wp\/v2\/types\/post"}],"author":[{"embeddable":true,"href":"https:\/\/linitiative.ca\/International\/wp-json\/wp\/v2\/users\/1965"}],"replies":[{"embeddable":true,"href":"https:\/\/linitiative.ca\/International\/wp-json\/wp\/v2\/comments?post=148328"}],"version-history":[{"count":0,"href":"https:\/\/linitiative.ca\/International\/wp-json\/wp\/v2\/posts\/148328\/revisions"}],"wp:attachment":[{"href":"https:\/\/linitiative.ca\/International\/wp-json\/wp\/v2\/media?parent=148328"}],"wp:term":[{"taxonomy":"category","embeddable":true,"href":"https:\/\/linitiative.ca\/International\/wp-json\/wp\/v2\/categories?post=148328"},{"taxonomy":"post_tag","embeddable":true,"href":"https:\/\/linitiative.ca\/International\/wp-json\/wp\/v2\/tags?post=148328"}],"curies":[{"name":"wp","href":"https:\/\/api.w.org\/{rel}","templated":true}]}}