{"id":14834,"date":"2019-02-17T02:02:00","date_gmt":"2019-02-17T07:02:00","guid":{"rendered":"https:\/\/linitiative.ca\/International\/nador-un-membre-dune-bande-descrocs-mis-sous-les-verrous\/"},"modified":"2019-02-17T02:02:00","modified_gmt":"2019-02-17T07:02:00","slug":"nador-un-membre-dune-bande-descrocs-mis-sous-les-verrous","status":"publish","type":"post","link":"https:\/\/linitiative.ca\/International\/nador-un-membre-dune-bande-descrocs-mis-sous-les-verrous\/","title":{"rendered":"Nador\u00a0: Un membre d\u2019une bande d\u2019escrocs mis sous les verrous"},"content":{"rendered":"<header>\n<\/header>\n<div class=\"entry-content clearfix\" readability=\"45\"><img decoding=\"async\" class=\"post_layout_5_img\" src=\"http:\/\/aujourdhui.ma\/wp-content\/uploads\/2016\/04\/Arrestation-Crime-Police-Maroc.jpg?x29840\" alt=\"Nador\u00a0: Un membre d\u2019une bande d\u2019escrocs mis sous les verrous\"\/><\/p>\n<p class=\"p1\"><span class=\"c4\"><strong>Les \u00e9l\u00e9ments du 2\u00e8me arrondissement de police \u00e0 Nador ont mis hors d\u2019\u00e9tat de nuire, lundi dernier, un membre d\u2019une bande d\u2019escrocs qui pr\u00e9tendait avoir la possibilit\u00e9 d\u2019aider les r\u00eaveurs de l\u2019eldorado \u00e0 avoir un visa Schengen.<\/strong><\/span> <span id=\"more-305557\"\/><\/p>\n<p class=\"p1\"><span class=\"c6\"><span class=\"c5\">Les cinq autres membres de cette bande dont une jeune fille sont en fuite et font l\u2019objet de notes de recherche diffus\u00e9es par la police \u00e0 l\u2019\u00e9chelle nationale.\u00a0<\/span><\/span>L\u2019affaire a \u00e9clat\u00e9 quand une victime a port\u00e9 plainte contre les membres de la bande les accusant de lui avoir subtilis\u00e9 une somme de 70 mille dirhams. Cette victime les a rencontr\u00e9s \u00e0 Oujda pour fixer un rendez-vous juste \u00e0 c\u00f4t\u00e9 du consulat d\u2019Espagne \u00e9tabli \u00e0 Nador.<\/p>\n<p class=\"p1\">Il devait leur verser de l\u2019argent en contrepartie de l\u2019obtention d\u2019un visa Schengen. Malheureusement, il a d\u00e9couvert qu\u2019il est tomb\u00e9 dans les filets d\u2019une bande d\u2019escrocs.<\/p>\n<\/div>\n<p>Auteur: Abderrafii ALOUMLIKI<br \/>\n<a href=\"http:\/\/aujourdhui.ma\/faits-divers\/nador-un-membre-dune-bande-descrocs-mis-sous-les-verrous\">Cliquez ici pour lire l&rsquo;article depuis sa source.<\/a><\/p>\n","protected":false},"excerpt":{"rendered":"<p>Les \u00e9l\u00e9ments du 2\u00e8me arrondissement de police \u00e0 Nador ont mis hors d\u2019\u00e9tat de nuire, lundi dernier, un membre d\u2019une bande d\u2019escrocs qui pr\u00e9tendait avoir la possibilit\u00e9 d\u2019aider les r\u00eaveurs de l\u2019eldorado \u00e0 avoir un visa Schengen. Les cinq autres membres de cette bande dont une jeune fille sont en fuite et font l\u2019objet de [&hellip;]<\/p>\n","protected":false},"author":1759,"featured_media":0,"comment_status":"closed","ping_status":"closed","sticky":false,"template":"","format":"standard","meta":{"fifu_image_url":"","fifu_image_alt":"","footnotes":""},"categories":[73,54],"tags":[],"class_list":["post-14834","post","type-post","status-publish","format-standard","hentry","category-actualite","category-maroc"],"_links":{"self":[{"href":"https:\/\/linitiative.ca\/International\/wp-json\/wp\/v2\/posts\/14834","targetHints":{"allow":["GET"]}}],"collection":[{"href":"https:\/\/linitiative.ca\/International\/wp-json\/wp\/v2\/posts"}],"about":[{"href":"https:\/\/linitiative.ca\/International\/wp-json\/wp\/v2\/types\/post"}],"author":[{"embeddable":true,"href":"https:\/\/linitiative.ca\/International\/wp-json\/wp\/v2\/users\/1759"}],"replies":[{"embeddable":true,"href":"https:\/\/linitiative.ca\/International\/wp-json\/wp\/v2\/comments?post=14834"}],"version-history":[{"count":0,"href":"https:\/\/linitiative.ca\/International\/wp-json\/wp\/v2\/posts\/14834\/revisions"}],"wp:attachment":[{"href":"https:\/\/linitiative.ca\/International\/wp-json\/wp\/v2\/media?parent=14834"}],"wp:term":[{"taxonomy":"category","embeddable":true,"href":"https:\/\/linitiative.ca\/International\/wp-json\/wp\/v2\/categories?post=14834"},{"taxonomy":"post_tag","embeddable":true,"href":"https:\/\/linitiative.ca\/International\/wp-json\/wp\/v2\/tags?post=14834"}],"curies":[{"name":"wp","href":"https:\/\/api.w.org\/{rel}","templated":true}]}}