{"id":148351,"date":"2022-05-23T09:05:42","date_gmt":"2022-05-23T13:05:42","guid":{"rendered":"https:\/\/linitiative.ca\/International\/adil-ramzi-un-conquistador-des-temps-modernes\/"},"modified":"2022-05-23T09:05:42","modified_gmt":"2022-05-23T13:05:42","slug":"adil-ramzi-un-conquistador-des-temps-modernes","status":"publish","type":"post","link":"https:\/\/linitiative.ca\/International\/adil-ramzi-un-conquistador-des-temps-modernes\/","title":{"rendered":"Adil Ramzi, un conquistador des temps modernes"},"content":{"rendered":"<div>\n<p class=\"has-text-align-center has-vivid-red-color has-text-color\"><strong>Nouvel entra\u00eeneur des Jong PSV en D2 n\u00e9erlandaise<\/strong><\/p>\n<p class=\"has-text-align-right has-black-color has-text-color\"><strong>Oussama Zidouhia<\/strong><\/p>\n<p class=\"has-black-color has-text-color\"><strong>Aujourd\u2019hui \u00e2g\u00e9 de 44 ans, l\u2019ancien num\u00e9ro 10 de la s\u00e9lection marocaine de football, Adil Ramzi, va devenir \u00e0 partir de la saison prochaine, le nouvel entra\u00eeneur des Jong PSV en D2 n\u00e9erlandaise. L\u2019ancien magicien du KACM rentre dans l\u2019histoire en devenant le premier marocain \u00e0 entrainer au niveau professionnel de l\u2019histoire des Pays-Bas<\/strong><\/p>\n<p class=\"has-black-color has-text-color\">N\u00e9 le 14 juillet 1977 \u00e0 Marrakech, Adil Ramzi est consid\u00e9r\u00e9 comme l\u2019un des plus grands joueurs du championnat n\u00e9erlandais et marocain. Dot\u00e9 d\u2019un profil atypique, il remporte de nombreux titres avec les clubs o\u00f9 il a jou\u00e9, comme le KAC Marrakech ou encore le PSV Eindhoven. Il a de plus, \u00e9t\u00e9 le meilleur passeur d\u00e9cisif du championnat n\u00e9erlandais lors de la saison 2003-2004.<\/p>\n<p class=\"has-black-color has-text-color\">Form\u00e9 au Kawkab de Marrakech dans sa ville natale, il fait ses d\u00e9buts professionnels lors de la saison 1995-1996. En deux saisons, il dispute plus de trente matchs et marque treize buts sous les couleurs marrakchis. Il remporte en 1996 la Coupe de la CAF, son premier titre professionnel. \u00c0 la suite de bonnes performances en club, il est convoqu\u00e9 en 1997 pour prendre part \u00e0 la Coupe d\u2019Afrique des moins de 20 ans. Il finira par soulever la Coupe comme premier titre international<strong>.<\/strong><\/p>\n<p class=\"has-black-color has-text-color\">En 1997, d\u00e8s son retour de la Coupe d\u2019Afrique -20 ans, il signe son premier contrat professionnel \u00e0 l\u2019\u00e9tranger, en Italie \u00e0 l\u2019Udinese Calcio. En janvier 1998, Ramzi rejoint Willem II Tilburg. Courtis\u00e9 par le Paris-Saint-Germain, il d\u00e9cide de finalement prolonger son contrat.<\/p>\n<p class=\"has-black-color has-text-color\">Par la suite, il dispute trois saisons avec le PSV, cumulant neuf buts et trois passes d\u00e9cisives en 62 matchs avant d\u2019\u00eatre pr\u00eat\u00e9 en deuxi\u00e8me division espagnole avec le C\u00f3rdoba CF, \u00e0 la suite d\u2019une troisi\u00e8me saison compliqu\u00e9e.<\/p>\n<p class=\"has-black-color has-text-color\">La saison 2003-2004 d\u2019Adil Ramzi est la plus longue de sa carri\u00e8re, vu qu\u2019il dispute 39 matchs et marque 13 buts, tout en prenant part \u00e0 la Coupe UEFA. Il termine la saison comme \u00e9tant meilleur passeur d\u00e9cisif du championnat.<\/p>\n<p class=\"has-black-color has-text-color\">Le 1<sup>er<\/sup> janvier 2004, il signe \u00e0 l\u2019AZ Alkmaar et joue un \u00e9norme r\u00f4le dans le club. Lors d\u2019un match de championnat face \u00e0 l\u2019Ajax Amsterdam en 2005, il est victime de racisme de la part des supporters ajacides. Le joueur atteint dans cette m\u00eame ann\u00e9e la demi-finale de la Coupe UEFA face au Sporting Portugal. Beaucoup moins efficace dans les buts, il est tout-de-m\u00eame deuxi\u00e8me meilleur passeur d\u00e9cisif du championnat n\u00e9erlandais. En 2006, il est pr\u00eat\u00e9 au FC Utrecht pour la dur\u00e9e d\u2019une saison. Le club avait un grand nombre de bless\u00e9s pour reprendre la deuxi\u00e8me mi-saison. Un nouvel attaquant \u00e9tait demand\u00e9 par les dirigeants du club. Adil Ramzi joue tr\u00e8s bien son r\u00f4le et se voit marquer sept buts en quinze matchs, permettant au FC Utrecht de terminer la saison \u00e0 la sixi\u00e8me place de l\u2019Eredivisie.<\/p>\n<p class=\"has-black-color has-text-color\">\u00c0 la suite de probl\u00e8mes avec les dirigeants de l\u2019AZ Alkmaar, Adil Ramzi quitte le club et s\u2019engage avec le Roda JC, club avec lequel il marque l\u2019histoire. Avec dix buts en 35 matchs pour sa premi\u00e8re saison, il quitte le club pendant quatre ans avant de faire son retour.<\/p>\n<p class=\"has-black-color has-text-color\">Lors de la saison 2011\/12, le milieu de terrain joue au sein du club n\u00e9erlandais de Roda JC, o\u00f9 l\u2019ancien international marocain a d\u00e9j\u00e0 \u00e9volu\u00e9 lors de la saison 2006-2007.<\/p>\n<p class=\"has-black-color has-text-color\">En 2009, il est naturalis\u00e9 N\u00e9erlandais et d\u00e9cide de s\u2019installer \u00e0 Eindhoven. Il est depuis 2016 l\u2019entra\u00eeneur des jeunes (jusqu\u2019aux U16) dans l\u2019acad\u00e9mie du PSV Eindhoven.<\/p>\n<p class=\"has-black-color has-text-color\">Adil Ramzi compte cinq buts en 41 s\u00e9lections avec l\u2019\u00e9quipe du Maroc.<\/p>\n<p class=\"has-black-color has-text-color\">Ramzi succ\u00e8de \u00e0 Ruud van Nistelrooij en tant qu\u2019entra\u00eeneur du Jong PSV. L\u2019ancien international marocain \u00e9tait l\u2019adjoint de Van Nistelrooij la saison derni\u00e8re avec l\u2019\u00e9quipe U23. Ramzi a d\u00e9but\u00e9 au PSV en 2016 en tant que formateur \u00e0 l\u2019acad\u00e9mie des jeunes.<\/p>\n<p>L\u2019article <a rel=\"nofollow\" href=\"http:\/\/albayane.press.ma\/adil-ramzi-un-conquistador-des-temps-modernes.html\">Adil Ramzi, un conquistador des temps modernes<\/a> est apparu en premier sur <a rel=\"nofollow\" href=\"http:\/\/albayane.press.ma\/\">ALBAYANE<\/a>.<\/p>\n<\/div>\n<p>Auteur: M&rsquo;hammed rahal<br \/>\n<a href=\"http:\/\/albayane.press.ma\/adil-ramzi-un-conquistador-des-temps-modernes.html\">Cliquez ici pour lire l&rsquo;article depuis sa source.<\/a><\/p>\n","protected":false},"excerpt":{"rendered":"<p>Nouvel entra\u00eeneur des Jong PSV en D2 n\u00e9erlandaise Oussama Zidouhia Aujourd\u2019hui \u00e2g\u00e9 de 44 ans, l\u2019ancien num\u00e9ro 10 de la s\u00e9lection marocaine de football, Adil Ramzi, va devenir \u00e0 partir de la saison prochaine, le nouvel entra\u00eeneur des Jong PSV en D2 n\u00e9erlandaise. L\u2019ancien magicien du KACM rentre dans l\u2019histoire en devenant le premier marocain [&hellip;]<\/p>\n","protected":false},"author":1760,"featured_media":0,"comment_status":"closed","ping_status":"closed","sticky":false,"template":"","format":"standard","meta":{"fifu_image_url":"","fifu_image_alt":"","footnotes":""},"categories":[73,54],"tags":[],"class_list":["post-148351","post","type-post","status-publish","format-standard","hentry","category-actualite","category-maroc"],"_links":{"self":[{"href":"https:\/\/linitiative.ca\/International\/wp-json\/wp\/v2\/posts\/148351","targetHints":{"allow":["GET"]}}],"collection":[{"href":"https:\/\/linitiative.ca\/International\/wp-json\/wp\/v2\/posts"}],"about":[{"href":"https:\/\/linitiative.ca\/International\/wp-json\/wp\/v2\/types\/post"}],"author":[{"embeddable":true,"href":"https:\/\/linitiative.ca\/International\/wp-json\/wp\/v2\/users\/1760"}],"replies":[{"embeddable":true,"href":"https:\/\/linitiative.ca\/International\/wp-json\/wp\/v2\/comments?post=148351"}],"version-history":[{"count":0,"href":"https:\/\/linitiative.ca\/International\/wp-json\/wp\/v2\/posts\/148351\/revisions"}],"wp:attachment":[{"href":"https:\/\/linitiative.ca\/International\/wp-json\/wp\/v2\/media?parent=148351"}],"wp:term":[{"taxonomy":"category","embeddable":true,"href":"https:\/\/linitiative.ca\/International\/wp-json\/wp\/v2\/categories?post=148351"},{"taxonomy":"post_tag","embeddable":true,"href":"https:\/\/linitiative.ca\/International\/wp-json\/wp\/v2\/tags?post=148351"}],"curies":[{"name":"wp","href":"https:\/\/api.w.org\/{rel}","templated":true}]}}