{"id":148352,"date":"2022-05-23T10:13:55","date_gmt":"2022-05-23T14:13:55","guid":{"rendered":"https:\/\/linitiative.ca\/International\/yassine-bounou-ecrit-lhistoire-avec-le-fc-seville\/"},"modified":"2022-05-23T10:13:55","modified_gmt":"2022-05-23T14:13:55","slug":"yassine-bounou-ecrit-lhistoire-avec-le-fc-seville","status":"publish","type":"post","link":"https:\/\/linitiative.ca\/International\/yassine-bounou-ecrit-lhistoire-avec-le-fc-seville\/","title":{"rendered":"Yassine Bounou \u00e9crit l\u2019histoire avec le FC S\u00e9ville"},"content":{"rendered":"<div>\n<p class=\"has-text-align-center has-vivid-red-color has-text-color\"><strong>Liga<\/strong><\/p>\n<p class=\"has-text-align-right has-black-color has-text-color\"><strong>Oussama Zidouhia<\/strong><\/p>\n<p class=\"has-black-color has-text-color\"><strong>Le portier de la s\u00e9lection nationale, Yassine Bounou, est devenu le premier gardien de but de l\u2019histoire du club Andalou a remport\u00e9 le troph\u00e9e Zamora.<\/strong><\/p>\n<p class=\"has-black-color has-text-color\">En effet, Bounou a termin\u00e9 la saison avec 24 buts encaiss\u00e9s en 31 matchs, soit une moyenne de 0,77 par match, surclassant le Belge Thibaut Courtois (0,81) et l\u2019espagnol \u00c1lex Remiro (0,88).<\/p>\n<p class=\"has-black-color has-text-color\">Pour sa troisi\u00e8me saison chez le FC S\u00e9ville, l\u2019enfant du Wydad a finalement d\u00e9croch\u00e9 la plus haute distinction pour un gardien de but en Espagne. Une revanche pour le marocain qui a \u00e9t\u00e9 devanc\u00e9 la saison derni\u00e8re par Jan Oblak et Courtois.<\/p>\n<p class=\"has-black-color has-text-color\">Bounou est le premier marocain et arabe a remport\u00e9 ce prix, et le deuxi\u00e8me africain \u00e0 \u00eatre sacr\u00e9 apr\u00e8s le gardien camerounais Jacques Songo\u2019o, qui a remport\u00e9 le troph\u00e9e lors de la saison 1996\/97.<\/p>\n<p class=\"has-black-color has-text-color\">\u00ab Je tiens \u00e0 f\u00e9liciter Bounou pour le troph\u00e9e Zamora. C\u2019est un bon ami et je suis tr\u00e8s heureux pour lui, \u00bb a d\u00e9clar\u00e9 Courtois concernant le sacre de son ancien co\u00e9quipier chez l\u2019Atl\u00e9tico Madrid.<\/p>\n<p class=\"has-black-color has-text-color\">Pour rappel, form\u00e9 au Wydad de Casablanca depuis l\u2019\u00e2ge de 8 ans, Yassine Bounou passe en \u00e9quipe premi\u00e8re en 2010 \u00e0 l\u2019\u00e2ge de 19 ans en tant que deuxi\u00e8me gardien, derri\u00e8re la l\u00e9gende du club Nadir Lamyaghri. Le 15 juin 2012, il signe un contrat d\u2019un an avec l\u2019Atl\u00e9tico de Madrid en \u00e9change d\u2019une somme de 360 000 euros, avec une option de deux ans suppl\u00e9mentaires, en tant que troisi\u00e8me gardien derri\u00e8re Thibaut Courtois et Daniel Aranzub\u00eda.<\/p>\n<p class=\"has-black-color has-text-color\">Le 1er septembre 2014, Bounou est pr\u00eat\u00e9 pour une saison au Real Saragosse. Auteur de bonnes prestations, il dispute au total 19 matchs de championnat et termine \u00e0 la sixi\u00e8me place du classement de la D2.<\/p>\n<p class=\"has-black-color has-text-color\">Le 12 juillet 2016, Bounou est transf\u00e9r\u00e9 d\u00e9finitivement au Girona FC. Ayant jou\u00e9 la totalit\u00e9 des matchs en tant que titulaire (30), il termine sa saison \u00e0 la dixi\u00e8me place du championnat.<\/p>\n<p class=\"has-black-color has-text-color\">Le 2 septembre 2019, Bounou est pr\u00eat\u00e9 une saison avec option d\u2019achat au FC S\u00e9ville. Ayant pass\u00e9 un cap identique lors de son arriv\u00e9e en Espagne \u00e0 l\u2019Atletico Madrid en 2012 pour \u00eatre d\u00e9sign\u00e9 troisi\u00e8me gardien, l\u2019enfant du WAC ne d\u00e9courage pas et mise sur ses chances de d\u00e9fendre la cage s\u00e9villane. Il est automatiquement d\u00e9sign\u00e9 comme deuxi\u00e8me gardien apr\u00e8s Tom\u00e1\u0161 Vacl\u00edk. Lorsque son concurrent se blesse au milieu de la saison 2019-2020, Yassine Bono enfile les gants pour disputer une grande partie des matchs de la deuxi\u00e8me partie de la saison.<\/p>\n<p class=\"has-black-color has-text-color\">En septembre 2020, S\u00e9ville l\u00e8ve l\u2019option d\u2019achat de Bounou, d\u00e9sormais li\u00e9 au club jusqu\u2019en 2024, r\u00e9compensant les bonnes performances de l\u2019international marocain.<\/p>\n<p class=\"has-black-color has-text-color\">En f\u00e9vrier 2021, Bounou entre dans l\u2019histoire du club apr\u00e8s n\u2019avoir encaiss\u00e9 aucun but pendant 528 minutes en Liga ; d\u00e9passant le record de Beto, de 516 minutes, obtenu en 2015.<\/p>\n<p class=\"has-black-color has-text-color\">Avec le <a href=\"https:\/\/fr.wikipedia.org\/wiki\/Wydad_Athletic_Club_(football)\">Wydad,<\/a> Bounou remporte la Botola en 2010 et participe \u00e0 la finale de la Ligue des Champions de la CAF en 2011.<\/p>\n<p class=\"has-black-color has-text-color\">En 2014, il remporte la Supercoupe d\u2019Espagne avec l\u2019Atl\u00e9tico Madrid. Avec le FC S\u00e9ville, il gagne la Ligue Europa en 2020 et la Supercoupe de l\u2019UEFA la m\u00eame ann\u00e9e.<\/p>\n<p>L\u2019article <a rel=\"nofollow\" href=\"http:\/\/albayane.press.ma\/yassine-bounou-ecrit-lhistoire-avec-le-fc-seville.html\">Yassine Bounou \u00e9crit l\u2019histoire avec le FC S\u00e9ville<\/a> est apparu en premier sur <a rel=\"nofollow\" href=\"http:\/\/albayane.press.ma\/\">ALBAYANE<\/a>.<\/p>\n<\/div>\n<p>Auteur: M&rsquo;hammed rahal<br \/>\n<a href=\"http:\/\/albayane.press.ma\/yassine-bounou-ecrit-lhistoire-avec-le-fc-seville.html\">Cliquez ici pour lire l&rsquo;article depuis sa source.<\/a><\/p>\n","protected":false},"excerpt":{"rendered":"<p>Liga Oussama Zidouhia Le portier de la s\u00e9lection nationale, Yassine Bounou, est devenu le premier gardien de but de l\u2019histoire du club Andalou a remport\u00e9 le troph\u00e9e Zamora. En effet, Bounou a termin\u00e9 la saison avec 24 buts encaiss\u00e9s en 31 matchs, soit une moyenne de 0,77 par match, surclassant le Belge Thibaut Courtois (0,81) [&hellip;]<\/p>\n","protected":false},"author":1760,"featured_media":0,"comment_status":"closed","ping_status":"closed","sticky":false,"template":"","format":"standard","meta":{"fifu_image_url":"","fifu_image_alt":"","footnotes":""},"categories":[73,54],"tags":[],"class_list":["post-148352","post","type-post","status-publish","format-standard","hentry","category-actualite","category-maroc"],"_links":{"self":[{"href":"https:\/\/linitiative.ca\/International\/wp-json\/wp\/v2\/posts\/148352","targetHints":{"allow":["GET"]}}],"collection":[{"href":"https:\/\/linitiative.ca\/International\/wp-json\/wp\/v2\/posts"}],"about":[{"href":"https:\/\/linitiative.ca\/International\/wp-json\/wp\/v2\/types\/post"}],"author":[{"embeddable":true,"href":"https:\/\/linitiative.ca\/International\/wp-json\/wp\/v2\/users\/1760"}],"replies":[{"embeddable":true,"href":"https:\/\/linitiative.ca\/International\/wp-json\/wp\/v2\/comments?post=148352"}],"version-history":[{"count":0,"href":"https:\/\/linitiative.ca\/International\/wp-json\/wp\/v2\/posts\/148352\/revisions"}],"wp:attachment":[{"href":"https:\/\/linitiative.ca\/International\/wp-json\/wp\/v2\/media?parent=148352"}],"wp:term":[{"taxonomy":"category","embeddable":true,"href":"https:\/\/linitiative.ca\/International\/wp-json\/wp\/v2\/categories?post=148352"},{"taxonomy":"post_tag","embeddable":true,"href":"https:\/\/linitiative.ca\/International\/wp-json\/wp\/v2\/tags?post=148352"}],"curies":[{"name":"wp","href":"https:\/\/api.w.org\/{rel}","templated":true}]}}