{"id":148355,"date":"2022-05-23T11:18:19","date_gmt":"2022-05-23T15:18:19","guid":{"rendered":"https:\/\/linitiative.ca\/International\/previsions-meteorologiques-pour-le-mardi-24-mai-2022\/"},"modified":"2022-05-23T11:18:19","modified_gmt":"2022-05-23T15:18:19","slug":"previsions-meteorologiques-pour-le-mardi-24-mai-2022","status":"publish","type":"post","link":"https:\/\/linitiative.ca\/International\/previsions-meteorologiques-pour-le-mardi-24-mai-2022\/","title":{"rendered":"Pr\u00e9visions m\u00e9t\u00e9orologiques pour le mardi 24 mai 2022"},"content":{"rendered":"<div>\n<div style=\"margin-bottom:20px;\"><img loading=\"lazy\" decoding=\"async\" width=\"582\" height=\"386\" src=\"https:\/\/linitiative.ca\/International\/wp-content\/uploads\/sites\/23\/2022\/05\/soleil.eco_.jpg\" class=\"attachment-post-thumbnail size-post-thumbnail wp-post-image\" alt=\"\" srcset=\"https:\/\/linitiative.ca\/International\/wp-content\/uploads\/sites\/23\/2022\/05\/soleil.eco_.jpg 582w, https:\/\/www.mapmarrakech.ma\/map\/uploads\/2022\/03\/soleil.eco_-300x199.jpg 300w\" sizes=\"auto, (max-width: 582px) 100vw, 582px\"><\/div>\n<p align=\"justify\">\u2013 Temps assez chaud \u00e0 localement chaud sur les r\u00e9gions Est et Sud des provinces Sahariennes et le Sud-Est.<\/p>\n<p align=\"justify\">\u2013 Formations brumeuses et bruines par endroits sur les plaines atlantiques Nord et Centre, le Saiss et les c\u00f4tes Sud.<\/p>\n<p align=\"justify\">\u2013 Ond\u00e9es et orages sur les Haut et Moyen Atlas, les Haut plateaux Orientaux et les versants Sud-Est.<\/p>\n<p align=\"justify\">\u2013 Nuages d\u2019origine tropicale avec ond\u00e9es \u00e9parses et orages isol\u00e9s sur l\u2019Est et le Sud des provinces Sahariennes.<\/p>\n<p align=\"justify\">\u2013 Chasse-poussi\u00e8res par endroits sur le Sud-Est, le Sud de l\u2019Oriental et le Nord des provinces Sud.<\/p>\n<p align=\"justify\">\u2013 Rafales de vent assez fortes sur la M\u00e9diterran\u00e9e, le Tang\u00e9rois, les c\u00f4tes Centre et Sud, l\u2019Atlas, le Saiss, le Sud-Est et l\u2019Oriental.<\/p>\n<p align=\"justify\">\u2013 Temp\u00e9ratures minimales de l\u2019ordre de 23\/29\u00b0C sur l\u2019extr\u00eame Sud-Est et les r\u00e9gions Est et Sud des provinces Sahariennes, 17\/23\u00b0C sur l\u2019int\u00e9rieur du Souss, la M\u00e9diterran\u00e9e et l\u2019Oriental, 10\/17\u00b0C sur l\u2019Atlas et le Rif et de 15\/20\u00b0C partout ailleurs.<\/p>\n<p align=\"justify\">\u2013 Temp\u00e9ratures maximales en baisse sensible sur les r\u00e9gions Nord et Centre.<\/p>\n<p align=\"justify\">\u2013 Mer peu agit\u00e9e \u00e0 agit\u00e9e en M\u00e9diterran\u00e9e, sur le D\u00e9troit et au nord de Rabat et agit\u00e9e ailleurs devenant agit\u00e9e \u00e0 forte le soir entre Cap Sim et Cap Ghir.<\/p>\n<p>The post <a rel=\"nofollow\" href=\"https:\/\/www.mapmarrakech.ma\/fr\/previsions-meteorologiques-pour-le-mardi-24-mai-2022\/\">Pr\u00e9visions m\u00e9t\u00e9orologiques pour le mardi 24 mai 2022<\/a> appeared first on <a rel=\"nofollow\" href=\"https:\/\/www.mapmarrakech.ma\/fr\">MapMarrakech<\/a>.<\/p>\n<\/div>\n<p>Auteur: Meriem IGASS<br \/>\n<a href=\"https:\/\/www.mapmarrakech.ma\/fr\/previsions-meteorologiques-pour-le-mardi-24-mai-2022\/\">Cliquez ici pour lire l&rsquo;article depuis sa source.<\/a><\/p>\n","protected":false},"excerpt":{"rendered":"<p>\u2013 Temps assez chaud \u00e0 localement chaud sur les r\u00e9gions Est et Sud des provinces Sahariennes et le Sud-Est. \u2013 Formations brumeuses et bruines par endroits sur les plaines atlantiques Nord et Centre, le Saiss et les c\u00f4tes Sud. \u2013 Ond\u00e9es et orages sur les Haut et Moyen Atlas, les Haut plateaux Orientaux et les [&hellip;]<\/p>\n","protected":false},"author":1788,"featured_media":0,"comment_status":"closed","ping_status":"closed","sticky":false,"template":"","format":"standard","meta":{"fifu_image_url":"https:\/\/www.mapmarrakech.ma\/map\/uploads\/2022\/03\/soleil.eco_.jpg","fifu_image_alt":"Pr\u00e9visions m\u00e9t\u00e9orologiques pour le mardi 24 mai 2022","footnotes":""},"categories":[54,76],"tags":[],"class_list":["post-148355","post","type-post","status-publish","format-standard","hentry","category-maroc","category-regions"],"_links":{"self":[{"href":"https:\/\/linitiative.ca\/International\/wp-json\/wp\/v2\/posts\/148355","targetHints":{"allow":["GET"]}}],"collection":[{"href":"https:\/\/linitiative.ca\/International\/wp-json\/wp\/v2\/posts"}],"about":[{"href":"https:\/\/linitiative.ca\/International\/wp-json\/wp\/v2\/types\/post"}],"author":[{"embeddable":true,"href":"https:\/\/linitiative.ca\/International\/wp-json\/wp\/v2\/users\/1788"}],"replies":[{"embeddable":true,"href":"https:\/\/linitiative.ca\/International\/wp-json\/wp\/v2\/comments?post=148355"}],"version-history":[{"count":0,"href":"https:\/\/linitiative.ca\/International\/wp-json\/wp\/v2\/posts\/148355\/revisions"}],"wp:attachment":[{"href":"https:\/\/linitiative.ca\/International\/wp-json\/wp\/v2\/media?parent=148355"}],"wp:term":[{"taxonomy":"category","embeddable":true,"href":"https:\/\/linitiative.ca\/International\/wp-json\/wp\/v2\/categories?post=148355"},{"taxonomy":"post_tag","embeddable":true,"href":"https:\/\/linitiative.ca\/International\/wp-json\/wp\/v2\/tags?post=148355"}],"curies":[{"name":"wp","href":"https:\/\/api.w.org\/{rel}","templated":true}]}}