{"id":148360,"date":"2022-05-23T11:10:48","date_gmt":"2022-05-23T15:10:48","guid":{"rendered":"https:\/\/linitiative.ca\/International\/developpement-durable-la-cdg-developpement-et-lafd-sassocient\/"},"modified":"2022-05-23T11:10:48","modified_gmt":"2022-05-23T15:10:48","slug":"developpement-durable-la-cdg-developpement-et-lafd-sassocient","status":"publish","type":"post","link":"https:\/\/linitiative.ca\/International\/developpement-durable-la-cdg-developpement-et-lafd-sassocient\/","title":{"rendered":"D\u00e9veloppement durable: La CDG D\u00e9veloppement et l\u2019AFD s\u2019associent"},"content":{"rendered":"<div>\n<div class=\"field field-name-body field-type-text-with-summary field-label-hidden\">\n<div class=\"field-items\">\n<div class=\"field-item even\" property=\"content:encoded\">\n<p class=\"rtejustify\">Caisse de D\u00e9p\u00f4t et de Gestion (CDG) D\u00e9veloppement et l\u2019Agence Fran\u00e7aise de d\u00e9veloppement (AFD) ont sign\u00e9 un protocole d\u2019accord et ce, \u00e0 l\u2019occasion de la r\u00e9cente visite \u00e0 Rabat du Directeur G\u00e9n\u00e9ral de l\u2019Agence, R\u00e9my Rioux.<\/p>\n<\/div>\n<\/div>\n<\/div>\n<\/div>\n<p>Auteur: mbasraoui<br \/>\n<a href=\"https:\/\/www.leconomiste.com\/flash-infos\/developpement-durable-la-cdg-developpement-et-l-afd-s-associent\">Cliquez ici pour lire l&rsquo;article depuis sa source.<\/a><\/p>\n","protected":false},"excerpt":{"rendered":"<p>Caisse de D\u00e9p\u00f4t et de Gestion (CDG) D\u00e9veloppement et l\u2019Agence Fran\u00e7aise de d\u00e9veloppement (AFD) ont sign\u00e9 un protocole d\u2019accord et ce, \u00e0 l\u2019occasion de la r\u00e9cente visite \u00e0 Rabat du Directeur G\u00e9n\u00e9ral de l\u2019Agence, R\u00e9my Rioux. Auteur: mbasraoui Cliquez ici pour lire l&rsquo;article depuis sa source.<\/p>\n","protected":false},"author":1763,"featured_media":0,"comment_status":"closed","ping_status":"closed","sticky":false,"template":"","format":"standard","meta":{"fifu_image_url":"","fifu_image_alt":"","footnotes":""},"categories":[78,54],"tags":[],"class_list":["post-148360","post","type-post","status-publish","format-standard","hentry","category-economie","category-maroc"],"_links":{"self":[{"href":"https:\/\/linitiative.ca\/International\/wp-json\/wp\/v2\/posts\/148360","targetHints":{"allow":["GET"]}}],"collection":[{"href":"https:\/\/linitiative.ca\/International\/wp-json\/wp\/v2\/posts"}],"about":[{"href":"https:\/\/linitiative.ca\/International\/wp-json\/wp\/v2\/types\/post"}],"author":[{"embeddable":true,"href":"https:\/\/linitiative.ca\/International\/wp-json\/wp\/v2\/users\/1763"}],"replies":[{"embeddable":true,"href":"https:\/\/linitiative.ca\/International\/wp-json\/wp\/v2\/comments?post=148360"}],"version-history":[{"count":0,"href":"https:\/\/linitiative.ca\/International\/wp-json\/wp\/v2\/posts\/148360\/revisions"}],"wp:attachment":[{"href":"https:\/\/linitiative.ca\/International\/wp-json\/wp\/v2\/media?parent=148360"}],"wp:term":[{"taxonomy":"category","embeddable":true,"href":"https:\/\/linitiative.ca\/International\/wp-json\/wp\/v2\/categories?post=148360"},{"taxonomy":"post_tag","embeddable":true,"href":"https:\/\/linitiative.ca\/International\/wp-json\/wp\/v2\/tags?post=148360"}],"curies":[{"name":"wp","href":"https:\/\/api.w.org\/{rel}","templated":true}]}}