{"id":148366,"date":"2022-05-23T03:54:00","date_gmt":"2022-05-23T07:54:00","guid":{"rendered":"https:\/\/linitiative.ca\/International\/le-real-madrid-veut-rebondir-apres-lechec-du-dossier-mbappe\/"},"modified":"2022-05-23T03:54:00","modified_gmt":"2022-05-23T07:54:00","slug":"le-real-madrid-veut-rebondir-apres-lechec-du-dossier-mbappe","status":"publish","type":"post","link":"https:\/\/linitiative.ca\/International\/le-real-madrid-veut-rebondir-apres-lechec-du-dossier-mbappe\/","title":{"rendered":"Le Real Madrid veut rebondir apr\u00e8s l&rsquo;\u00e9chec du dossier Mbapp\u00e9"},"content":{"rendered":"<div>Le Real Madrid n&rsquo;a toujours pas dig\u00e9r\u00e9 la d\u00e9cision de Kylian Mbapp\u00e9 mais doit \u00e0 pr\u00e9sent se concentrer sur le mercato&#8230;<\/div>\n<p>Auteur:<br \/>\n<a href=\"https:\/\/www.lebuteur.com\/article\/detail?titre=le-real-madrid-veut-rebondir-apres-lechec-du-dossier-mbappe&#038;id=102919\">Cliquez ici pour lire l&rsquo;article depuis sa source.<\/a><\/p>\n","protected":false},"excerpt":{"rendered":"<p>Le Real Madrid n&rsquo;a toujours pas dig\u00e9r\u00e9 la d\u00e9cision de Kylian Mbapp\u00e9 mais doit \u00e0 pr\u00e9sent se concentrer sur le mercato&#8230; Auteur: Cliquez ici pour lire l&rsquo;article depuis sa source.<\/p>\n","protected":false},"author":1738,"featured_media":0,"comment_status":"closed","ping_status":"closed","sticky":false,"template":"","format":"standard","meta":{"fifu_image_url":"","fifu_image_alt":"","footnotes":""},"categories":[53,75],"tags":[],"class_list":["post-148366","post","type-post","status-publish","format-standard","hentry","category-algerie","category-sport"],"_links":{"self":[{"href":"https:\/\/linitiative.ca\/International\/wp-json\/wp\/v2\/posts\/148366","targetHints":{"allow":["GET"]}}],"collection":[{"href":"https:\/\/linitiative.ca\/International\/wp-json\/wp\/v2\/posts"}],"about":[{"href":"https:\/\/linitiative.ca\/International\/wp-json\/wp\/v2\/types\/post"}],"author":[{"embeddable":true,"href":"https:\/\/linitiative.ca\/International\/wp-json\/wp\/v2\/users\/1738"}],"replies":[{"embeddable":true,"href":"https:\/\/linitiative.ca\/International\/wp-json\/wp\/v2\/comments?post=148366"}],"version-history":[{"count":0,"href":"https:\/\/linitiative.ca\/International\/wp-json\/wp\/v2\/posts\/148366\/revisions"}],"wp:attachment":[{"href":"https:\/\/linitiative.ca\/International\/wp-json\/wp\/v2\/media?parent=148366"}],"wp:term":[{"taxonomy":"category","embeddable":true,"href":"https:\/\/linitiative.ca\/International\/wp-json\/wp\/v2\/categories?post=148366"},{"taxonomy":"post_tag","embeddable":true,"href":"https:\/\/linitiative.ca\/International\/wp-json\/wp\/v2\/tags?post=148366"}],"curies":[{"name":"wp","href":"https:\/\/api.w.org\/{rel}","templated":true}]}}