{"id":148370,"date":"2022-05-23T08:10:00","date_gmt":"2022-05-23T12:10:00","guid":{"rendered":"https:\/\/linitiative.ca\/International\/des-revelations-inedites-sur-le-mouvement-national-dans-la-region-de-sfax\/"},"modified":"2022-05-23T08:10:00","modified_gmt":"2022-05-23T12:10:00","slug":"des-revelations-inedites-sur-le-mouvement-national-dans-la-region-de-sfax","status":"publish","type":"post","link":"https:\/\/linitiative.ca\/International\/des-revelations-inedites-sur-le-mouvement-national-dans-la-region-de-sfax\/","title":{"rendered":"Des r\u00e9v\u00e9lations in\u00e9dites sur le mouvement national dans la r\u00e9gion de Sfax"},"content":{"rendered":"<div><img decoding=\"async\" src=\"https:\/\/linitiative.ca\/International\/wp-content\/uploads\/sites\/23\/2022\/05\/1653313468_article.jpg\" alt=\"Des r\u00e9v\u00e9lations in\u00e9dites sur le mouvement national dans la r\u00e9gion de Sfax\" align=\"left\">C\u2019est la monographie qui a jusque-l\u00e0 manqu\u00e9 \u00e0 la restitution de toute une action d\u2019ensemble men\u00e9e \u00e0 Sfax et sa r\u00e9gion, en lutte contre le protectorat, au cours de la premi\u00e8re moiti\u00e9 du si\u00e8cle dernier. Divers t\u00e9moignages ont \u00e9t\u00e9 publi\u00e9s, notamment ceux de Hamed Zeghal, Ahmed Chtourou, Abdelmajid Chaker, Mohamed Baccour, Habib Achour, Abdelaziz Bouraoui, et autres militants. Des universitaires ont trait\u00e9 certains de ses aspects \u00e0 travers des articles, monographies et th\u00e8ses. Mais, c\u2019est la premi\u00e8re fois qu\u2019un chercheur se livre \u00e0 un large panorama, puisant dans des sources de premi\u00e8re main, adoptant une d\u00e9marche scientifique rigoureuse. Abdeljelil Ben Abbes, &#8230;<\/p>\n<\/div>\n<p>Auteur:<br \/>\n<a href=\"https:\/\/www.leaders.com.tn\/article\/33377-des-revelations-inedites-sur-le-mouvement-national-dans-la-region-de-sfax\">Cliquez ici pour lire l&rsquo;article depuis sa source.<\/a><\/p>\n","protected":false},"excerpt":{"rendered":"<p>C\u2019est la monographie qui a jusque-l\u00e0 manqu\u00e9 \u00e0 la restitution de toute une action d\u2019ensemble men\u00e9e \u00e0 Sfax et sa r\u00e9gion, en lutte contre le protectorat, au cours de la premi\u00e8re moiti\u00e9 du si\u00e8cle dernier. Divers t\u00e9moignages ont \u00e9t\u00e9 publi\u00e9s, notamment ceux de Hamed Zeghal, Ahmed Chtourou, Abdelmajid Chaker, Mohamed Baccour, Habib Achour, Abdelaziz Bouraoui, [&hellip;]<\/p>\n","protected":false},"author":1772,"featured_media":0,"comment_status":"closed","ping_status":"closed","sticky":false,"template":"","format":"standard","meta":{"fifu_image_url":"http:\/\/www.leaders.com.tn\/uploads\/content\/thumbnails_small\/1653313468_article.jpg","fifu_image_alt":"Des r\u00e9v\u00e9lations in\u00e9dites sur le mouvement national dans la r\u00e9gion de Sfax","footnotes":""},"categories":[73,55],"tags":[],"class_list":["post-148370","post","type-post","status-publish","format-standard","hentry","category-actualite","category-tunisie"],"_links":{"self":[{"href":"https:\/\/linitiative.ca\/International\/wp-json\/wp\/v2\/posts\/148370","targetHints":{"allow":["GET"]}}],"collection":[{"href":"https:\/\/linitiative.ca\/International\/wp-json\/wp\/v2\/posts"}],"about":[{"href":"https:\/\/linitiative.ca\/International\/wp-json\/wp\/v2\/types\/post"}],"author":[{"embeddable":true,"href":"https:\/\/linitiative.ca\/International\/wp-json\/wp\/v2\/users\/1772"}],"replies":[{"embeddable":true,"href":"https:\/\/linitiative.ca\/International\/wp-json\/wp\/v2\/comments?post=148370"}],"version-history":[{"count":0,"href":"https:\/\/linitiative.ca\/International\/wp-json\/wp\/v2\/posts\/148370\/revisions"}],"wp:attachment":[{"href":"https:\/\/linitiative.ca\/International\/wp-json\/wp\/v2\/media?parent=148370"}],"wp:term":[{"taxonomy":"category","embeddable":true,"href":"https:\/\/linitiative.ca\/International\/wp-json\/wp\/v2\/categories?post=148370"},{"taxonomy":"post_tag","embeddable":true,"href":"https:\/\/linitiative.ca\/International\/wp-json\/wp\/v2\/tags?post=148370"}],"curies":[{"name":"wp","href":"https:\/\/api.w.org\/{rel}","templated":true}]}}