{"id":148372,"date":"2022-05-23T11:05:00","date_gmt":"2022-05-23T15:05:00","guid":{"rendered":"https:\/\/linitiative.ca\/International\/assemblee-generale-ordinaire-ago-meuble-interieurs-un-resultat-net-en-croissance-de-28-95\/"},"modified":"2022-05-23T11:05:00","modified_gmt":"2022-05-23T15:05:00","slug":"assemblee-generale-ordinaire-ago-meuble-interieurs-un-resultat-net-en-croissance-de-28-95","status":"publish","type":"post","link":"https:\/\/linitiative.ca\/International\/assemblee-generale-ordinaire-ago-meuble-interieurs-un-resultat-net-en-croissance-de-28-95\/","title":{"rendered":"Assembl\u00e9e G\u00e9n\u00e9rale Ordinaire (AGO) Meuble Int\u00e9rieurs: Un r\u00e9sultat net en croissance de 28.95%"},"content":{"rendered":"<div><img decoding=\"async\" src=\"https:\/\/linitiative.ca\/International\/wp-content\/uploads\/sites\/23\/2022\/05\/1653314984_article.jpg\" alt=\"Assembl\u00e9e G\u00e9n\u00e9rale Ordinaire (AGO) Meuble Int\u00e9rieurs: Un r\u00e9sultat net en croissance de 28.95%\" align=\"left\">La soci\u00e9t\u00e9 Atelier du Meubles Int\u00e9rieurs informe ses actionnaires de la tenue de son Assembl\u00e9e G\u00e9n\u00e9rale Ordinaire (AGO), vendredi 27 mai 2022 \u00e0 l\u2019h\u00f4tel Dar El Marsa. Il s\u2019agira de statuer sur les \u00e9tats financiers de l\u2019exercice 2021 et les rapports des commissaires aux comptes y aff\u00e9rents.<br \/>\nEn 2021, malgr\u00e9 une situation in\u00e9dite et difficile li\u00e9e \u00e0 la crise du Covid-19, la soci\u00e9t\u00e9 Atelier du Meubles Int\u00e9rieurs r\u00e9alise un r\u00e9sultat net de 1 402 866 DT, en croissance de 28.95% par rapport \u00e0 2020. La soci\u00e9t\u00e9 a r\u00e9ussi d\u2019enregistrer une performance consid\u00e9rable au niveau des commandes qui ont d\u00e9pass\u00e9 les 3 millions de dinars au 31 d\u00e9cembre 2021. C\u2019est gr\u00e2ce \u00e0 &#8230;<\/p>\n<\/div>\n<p>Auteur:<br \/>\n<a href=\"https:\/\/www.leaders.com.tn\/article\/33378-assemblee-generale-ordinaire-ago-meuble-interieurs-un-resultat-net-en-croissance-de-28-95\">Cliquez ici pour lire l&rsquo;article depuis sa source.<\/a><\/p>\n","protected":false},"excerpt":{"rendered":"<p>La soci\u00e9t\u00e9 Atelier du Meubles Int\u00e9rieurs informe ses actionnaires de la tenue de son Assembl\u00e9e G\u00e9n\u00e9rale Ordinaire (AGO), vendredi 27 mai 2022 \u00e0 l\u2019h\u00f4tel Dar El Marsa. Il s\u2019agira de statuer sur les \u00e9tats financiers de l\u2019exercice 2021 et les rapports des commissaires aux comptes y aff\u00e9rents. En 2021, malgr\u00e9 une situation in\u00e9dite et difficile [&hellip;]<\/p>\n","protected":false},"author":1772,"featured_media":0,"comment_status":"closed","ping_status":"closed","sticky":false,"template":"","format":"standard","meta":{"fifu_image_url":"http:\/\/www.leaders.com.tn\/uploads\/content\/thumbnails_small\/1653314984_article.jpg","fifu_image_alt":"Assembl\u00e9e G\u00e9n\u00e9rale Ordinaire (AGO) Meuble Int\u00e9rieurs: Un r\u00e9sultat net en croissance de 28.95%","footnotes":""},"categories":[73,55],"tags":[],"class_list":["post-148372","post","type-post","status-publish","format-standard","hentry","category-actualite","category-tunisie"],"_links":{"self":[{"href":"https:\/\/linitiative.ca\/International\/wp-json\/wp\/v2\/posts\/148372","targetHints":{"allow":["GET"]}}],"collection":[{"href":"https:\/\/linitiative.ca\/International\/wp-json\/wp\/v2\/posts"}],"about":[{"href":"https:\/\/linitiative.ca\/International\/wp-json\/wp\/v2\/types\/post"}],"author":[{"embeddable":true,"href":"https:\/\/linitiative.ca\/International\/wp-json\/wp\/v2\/users\/1772"}],"replies":[{"embeddable":true,"href":"https:\/\/linitiative.ca\/International\/wp-json\/wp\/v2\/comments?post=148372"}],"version-history":[{"count":0,"href":"https:\/\/linitiative.ca\/International\/wp-json\/wp\/v2\/posts\/148372\/revisions"}],"wp:attachment":[{"href":"https:\/\/linitiative.ca\/International\/wp-json\/wp\/v2\/media?parent=148372"}],"wp:term":[{"taxonomy":"category","embeddable":true,"href":"https:\/\/linitiative.ca\/International\/wp-json\/wp\/v2\/categories?post=148372"},{"taxonomy":"post_tag","embeddable":true,"href":"https:\/\/linitiative.ca\/International\/wp-json\/wp\/v2\/tags?post=148372"}],"curies":[{"name":"wp","href":"https:\/\/api.w.org\/{rel}","templated":true}]}}