{"id":148374,"date":"2022-05-23T11:53:00","date_gmt":"2022-05-23T15:53:00","guid":{"rendered":"https:\/\/linitiative.ca\/International\/lancien-ministre-de-la-culture-ahmed-khaled-est-decede\/"},"modified":"2022-05-23T11:53:00","modified_gmt":"2022-05-23T15:53:00","slug":"lancien-ministre-de-la-culture-ahmed-khaled-est-decede","status":"publish","type":"post","link":"https:\/\/linitiative.ca\/International\/lancien-ministre-de-la-culture-ahmed-khaled-est-decede\/","title":{"rendered":"L\u2019ancien ministre de la Culture, Ahmed Khaled est d\u00e9c\u00e9d\u00e9"},"content":{"rendered":"<div><img decoding=\"async\" src=\"https:\/\/linitiative.ca\/International\/wp-content\/uploads\/sites\/23\/2022\/05\/1653317607_article.jpg\" alt=\"Ahmed Khaled\" align=\"left\">Fin lettr\u00e9, agr\u00e9g\u00e9 d\u2019arabe, Ahmed Khaled, ancien ministre de la Culture, ambassadeur \u00e0 Rabat et \u00e0 Moscou et maire de Sousse s\u2019est \u00e9teint lundi, \u00e0 l\u2019\u00e2ge de 85 ans. Il laisse le souvenir d\u2019un grand penseur, doubl\u00e9 d\u2019un illustre \u00e9crivain, auteur d\u2019une s\u00e9rie d\u2019ouvrages de r\u00e9f\u00e9rence consacr\u00e9s \u00e0 Taher Haddad, Abdelaziz Thaalbi, H\u00e9di Nouira et Farhat Hached, notamment.<br \/>\nN\u00e9 \u00e0 Sousse le 13 juillet 1936, Ahmed Khaled \u00e9tait titulaire d\u2019une licence en lettres arabes obtenue \u00e0 l\u2019Ecole normale sup\u00e9rieure de Tunis et d\u2019une agr\u00e9gation \u00e0 la Sorbonne. Longtemps enseignant, puis inspecteur de l\u2019enseignement sup\u00e9rieur, il dirigera le cabinet du ministre de la &#8230;<\/p>\n<\/div>\n<p>Auteur:<br \/>\n<a href=\"https:\/\/www.leaders.com.tn\/article\/33379-ahmed-khaled\">Cliquez ici pour lire l&rsquo;article depuis sa source.<\/a><\/p>\n","protected":false},"excerpt":{"rendered":"<p>Fin lettr\u00e9, agr\u00e9g\u00e9 d\u2019arabe, Ahmed Khaled, ancien ministre de la Culture, ambassadeur \u00e0 Rabat et \u00e0 Moscou et maire de Sousse s\u2019est \u00e9teint lundi, \u00e0 l\u2019\u00e2ge de 85 ans. Il laisse le souvenir d\u2019un grand penseur, doubl\u00e9 d\u2019un illustre \u00e9crivain, auteur d\u2019une s\u00e9rie d\u2019ouvrages de r\u00e9f\u00e9rence consacr\u00e9s \u00e0 Taher Haddad, Abdelaziz Thaalbi, H\u00e9di Nouira et [&hellip;]<\/p>\n","protected":false},"author":1772,"featured_media":0,"comment_status":"closed","ping_status":"closed","sticky":false,"template":"","format":"standard","meta":{"fifu_image_url":"http:\/\/www.leaders.com.tn\/uploads\/content\/thumbnails_small\/1653317607_article.jpg","fifu_image_alt":"L\u2019ancien ministre de la Culture, Ahmed Khaled est d\u00e9c\u00e9d\u00e9","footnotes":""},"categories":[73,55],"tags":[],"class_list":["post-148374","post","type-post","status-publish","format-standard","hentry","category-actualite","category-tunisie"],"_links":{"self":[{"href":"https:\/\/linitiative.ca\/International\/wp-json\/wp\/v2\/posts\/148374","targetHints":{"allow":["GET"]}}],"collection":[{"href":"https:\/\/linitiative.ca\/International\/wp-json\/wp\/v2\/posts"}],"about":[{"href":"https:\/\/linitiative.ca\/International\/wp-json\/wp\/v2\/types\/post"}],"author":[{"embeddable":true,"href":"https:\/\/linitiative.ca\/International\/wp-json\/wp\/v2\/users\/1772"}],"replies":[{"embeddable":true,"href":"https:\/\/linitiative.ca\/International\/wp-json\/wp\/v2\/comments?post=148374"}],"version-history":[{"count":0,"href":"https:\/\/linitiative.ca\/International\/wp-json\/wp\/v2\/posts\/148374\/revisions"}],"wp:attachment":[{"href":"https:\/\/linitiative.ca\/International\/wp-json\/wp\/v2\/media?parent=148374"}],"wp:term":[{"taxonomy":"category","embeddable":true,"href":"https:\/\/linitiative.ca\/International\/wp-json\/wp\/v2\/categories?post=148374"},{"taxonomy":"post_tag","embeddable":true,"href":"https:\/\/linitiative.ca\/International\/wp-json\/wp\/v2\/tags?post=148374"}],"curies":[{"name":"wp","href":"https:\/\/api.w.org\/{rel}","templated":true}]}}