{"id":148384,"date":"2022-05-23T16:04:09","date_gmt":"2022-05-23T20:04:09","guid":{"rendered":"https:\/\/linitiative.ca\/International\/variole-du-singe-trois-cas-suspects-detectes-dans-le-royaume\/"},"modified":"2022-05-23T16:04:09","modified_gmt":"2022-05-23T20:04:09","slug":"variole-du-singe-trois-cas-suspects-detectes-dans-le-royaume","status":"publish","type":"post","link":"https:\/\/linitiative.ca\/International\/variole-du-singe-trois-cas-suspects-detectes-dans-le-royaume\/","title":{"rendered":"Variole du singe. Trois cas suspects d\u00e9tect\u00e9s dans le Royaume"},"content":{"rendered":"<div><img decoding=\"async\" width=\"660\" height=\"371\" src=\"https:\/\/linitiative.ca\/International\/wp-content\/uploads\/sites\/23\/2022\/05\/media.jpg\" class=\"attachment-post-thumbnail size-post-thumbnail wp-post-image\" alt=\"\" loading=\"lazy\" srcset=\"https:\/\/linitiative.ca\/International\/wp-content\/uploads\/sites\/23\/2022\/05\/media.jpg 660w, https:\/\/www.challenge.ma\/wp-content\/uploads\/2022\/05\/media-300x169.jpg 300w, https:\/\/www.challenge.ma\/wp-content\/uploads\/2022\/05\/media-360x202.jpg 360w\" sizes=\"auto, (max-width: 660px) 100vw, 660px\" itemprop=\"image\">Ce lundi 23 mai, le minist\u00e8re de la Sant\u00e9 et de la Protection sociale a annonc\u00e9 la d\u00e9tection et l\u2019enregistrement dans le Royaume de trois cas suspects de la variole du singe. Toujours est-il que le minist\u00e8re a soulign\u00e9 que les trois cas enregistr\u00e9s pr\u00e9sentent des signes de bonne sant\u00e9.<\/div>\n<p>Auteur: David J\u00e9r\u00e9mie<br \/>\n<a href=\"https:\/\/www.challenge.ma\/variole-du-singe-trois-cas-suspects-detectes-dans-le-royaume-239245\/\">Cliquez ici pour lire l&rsquo;article depuis sa source.<\/a><\/p>\n","protected":false},"excerpt":{"rendered":"<p>Ce lundi 23 mai, le minist\u00e8re de la Sant\u00e9 et de la Protection sociale a annonc\u00e9 la d\u00e9tection et l\u2019enregistrement dans le Royaume de trois cas suspects de la variole du singe. Toujours est-il que le minist\u00e8re a soulign\u00e9 que les trois cas enregistr\u00e9s pr\u00e9sentent des signes de bonne sant\u00e9. Auteur: David J\u00e9r\u00e9mie Cliquez ici [&hellip;]<\/p>\n","protected":false},"author":1787,"featured_media":0,"comment_status":"closed","ping_status":"closed","sticky":false,"template":"","format":"standard","meta":{"fifu_image_url":"https:\/\/www.challenge.ma\/wp-content\/uploads\/2022\/05\/media.jpg","fifu_image_alt":"Variole du singe. Trois cas suspects d\u00e9tect\u00e9s dans le Royaume","footnotes":""},"categories":[78,54],"tags":[],"class_list":["post-148384","post","type-post","status-publish","format-standard","hentry","category-economie","category-maroc"],"_links":{"self":[{"href":"https:\/\/linitiative.ca\/International\/wp-json\/wp\/v2\/posts\/148384","targetHints":{"allow":["GET"]}}],"collection":[{"href":"https:\/\/linitiative.ca\/International\/wp-json\/wp\/v2\/posts"}],"about":[{"href":"https:\/\/linitiative.ca\/International\/wp-json\/wp\/v2\/types\/post"}],"author":[{"embeddable":true,"href":"https:\/\/linitiative.ca\/International\/wp-json\/wp\/v2\/users\/1787"}],"replies":[{"embeddable":true,"href":"https:\/\/linitiative.ca\/International\/wp-json\/wp\/v2\/comments?post=148384"}],"version-history":[{"count":0,"href":"https:\/\/linitiative.ca\/International\/wp-json\/wp\/v2\/posts\/148384\/revisions"}],"wp:attachment":[{"href":"https:\/\/linitiative.ca\/International\/wp-json\/wp\/v2\/media?parent=148384"}],"wp:term":[{"taxonomy":"category","embeddable":true,"href":"https:\/\/linitiative.ca\/International\/wp-json\/wp\/v2\/categories?post=148384"},{"taxonomy":"post_tag","embeddable":true,"href":"https:\/\/linitiative.ca\/International\/wp-json\/wp\/v2\/tags?post=148384"}],"curies":[{"name":"wp","href":"https:\/\/api.w.org\/{rel}","templated":true}]}}