{"id":148394,"date":"2022-05-23T09:07:47","date_gmt":"2022-05-23T13:07:47","guid":{"rendered":"https:\/\/linitiative.ca\/International\/cinema-le-realisateur-boubacar-sangare-porte-le-burkina-faso-a-cannes\/"},"modified":"2022-05-23T09:07:47","modified_gmt":"2022-05-23T13:07:47","slug":"cinema-le-realisateur-boubacar-sangare-porte-le-burkina-faso-a-cannes","status":"publish","type":"post","link":"https:\/\/linitiative.ca\/International\/cinema-le-realisateur-boubacar-sangare-porte-le-burkina-faso-a-cannes\/","title":{"rendered":"Cin\u00e9ma\u00a0: le r\u00e9alisateur Boubacar Sangar\u00e9 porte le Burkina Faso \u00e0 Cannes"},"content":{"rendered":"<div>\n<p>Le 7<sup>e<\/sup> art burkinab\u00e8 est pr\u00e9sent \u00e0 la 75<sup>e <\/sup>\u00e9dition du festival du film de Cannes par le biais du r\u00e9alisateur Boubacar Sangar\u00e9.<\/p>\n<p>S\u00e9lectionn\u00e9 parmi plus de 200 candidats pour participer \u00e0 l\u2019atelier de coproduction organis\u00e9 par l\u2019Institut fran\u00e7ais en marge du festival qui se d\u00e9roule du 17 au 28 mai 2022 dans la ville de Cannes en France, le r\u00e9alisateur burkinab\u00e8 y est pr\u00e9sent avec son film \u00ab\u00a0Djeliya, m\u00e9moire du Mandingue\u00a0\u00bb.<\/p>\n<figure id=\"attachment_49817\" aria-describedby=\"caption-attachment-49817\" style=\"width: 696px\" class=\"wp-caption alignnone\"><img loading=\"lazy\" decoding=\"async\" data-attachment-id=\"49817\" data-permalink=\"https:\/\/www.sidwaya.info\/blog\/2022\/05\/23\/cinema-le-realisateur-boubacar-sangare-porte-le-burkina-faso-a-cannes\/fil-boubacar-sangare-djeliya\/\" data-orig-file=\"https:\/\/www.sidwaya.info\/wp-content\/uploads\/2022\/05\/Fil-Boubacar-Sangare-Djeliya-e1653310952474.jpg\" data-orig-size=\"600,338\" data-comments-opened=\"1\" data-image-meta='{\"aperture\":\"0\",\"credit\":\"\",\"camera\":\"\",\"caption\":\"\",\"created_timestamp\":\"0\",\"copyright\":\"\",\"focal_length\":\"0\",\"iso\":\"0\",\"shutter_speed\":\"0\",\"title\":\"\",\"orientation\":\"0\"}' data-image-title=\"Boubacar Sangar\u00e9\" data-image-description=\"\" data-image-caption=\"&lt;p&gt;Boubacar Sangar\u00e9 est pr\u00e9sent \u00e0 Cannes pour pr\u00e9senter son film \u00ab\u00a0Djeliya, m\u00e9moire du Mandingue\u00a0\u00bb \u00e0 l&amp;rsquo;atelier de coproduction organis\u00e9 par l&amp;rsquo;Institut fran\u00e7ais&lt;\/p&gt;\n\" data-medium-file=\"https:\/\/www.sidwaya.info\/wp-content\/uploads\/2022\/05\/Fil-Boubacar-Sangare-Djeliya-300x169.jpg\" data-large-file=\"https:\/\/linitiative.ca\/International\/wp-content\/uploads\/sites\/23\/2022\/05\/Fil-Boubacar-Sangare-Djeliya-1024x576-1.jpg\" class=\"size-large wp-image-49817\" src=\"https:\/\/linitiative.ca\/International\/wp-content\/uploads\/sites\/23\/2022\/05\/Fil-Boubacar-Sangare-Djeliya-1024x576-1.jpg\" alt=\"\" width=\"696\" height=\"392\"><figcaption id=\"caption-attachment-49817\" class=\"wp-caption-text\">Boubacar Sangar\u00e9 est pr\u00e9sent \u00e0 Cannes pour pr\u00e9senter son film \u00ab\u00a0Djeliya, m\u00e9moire du Mandingue\u00a0\u00bb \u00e0 l\u2019atelier de coproduction organis\u00e9 par l\u2019Institut fran\u00e7ais<\/figcaption><\/figure>\n<p>Boubacar Sangar\u00e9 est auteur de film de fiction \u00ab\u00a0Au nom de l\u2019amour\u00a0\u00bb (2012) et documentaire \u00ab\u00a0Dieu veille sur les vigiles\u00a0\u00bb (2013). Il a aussi cor\u00e9alis\u00e9 avec Gideon Vink le film \u00ab\u00a0Une r\u00e9volution africaine, les dix jours qui ont fait chuter Blaise Compaor\u00e9\u00a0\u00bb (2015).<\/p>\n<p><strong>Sidwaya.info<\/strong><\/p>\n<\/div>\n<p>Auteur: Wamini SIDWAYA<br \/>\n<a href=\"https:\/\/www.sidwaya.info\/blog\/2022\/05\/23\/cinema-le-realisateur-boubacar-sangare-porte-le-burkina-faso-a-cannes\/\">Cliquez ici pour lire l&rsquo;article depuis sa source.<\/a><\/p>\n","protected":false},"excerpt":{"rendered":"<p>Le 7e art burkinab\u00e8 est pr\u00e9sent \u00e0 la 75e \u00e9dition du festival du film de Cannes par le biais du r\u00e9alisateur Boubacar Sangar\u00e9. S\u00e9lectionn\u00e9 parmi plus de 200 candidats pour participer \u00e0 l\u2019atelier de coproduction organis\u00e9 par l\u2019Institut fran\u00e7ais en marge du festival qui se d\u00e9roule du 17 au 28 mai 2022 dans la ville [&hellip;]<\/p>\n","protected":false},"author":1816,"featured_media":0,"comment_status":"closed","ping_status":"closed","sticky":false,"template":"","format":"standard","meta":{"fifu_image_url":"https:\/\/www.sidwaya.info\/wp-content\/uploads\/2022\/05\/Fil-Boubacar-Sangare-Djeliya-1024x576.jpg","fifu_image_alt":"Cin\u00e9ma\u00a0: le r\u00e9alisateur Boubacar Sangar\u00e9 porte le Burkina Faso \u00e0 Cannes","footnotes":""},"categories":[73,81],"tags":[],"class_list":["post-148394","post","type-post","status-publish","format-standard","hentry","category-actualite","category-burkina-faso"],"_links":{"self":[{"href":"https:\/\/linitiative.ca\/International\/wp-json\/wp\/v2\/posts\/148394","targetHints":{"allow":["GET"]}}],"collection":[{"href":"https:\/\/linitiative.ca\/International\/wp-json\/wp\/v2\/posts"}],"about":[{"href":"https:\/\/linitiative.ca\/International\/wp-json\/wp\/v2\/types\/post"}],"author":[{"embeddable":true,"href":"https:\/\/linitiative.ca\/International\/wp-json\/wp\/v2\/users\/1816"}],"replies":[{"embeddable":true,"href":"https:\/\/linitiative.ca\/International\/wp-json\/wp\/v2\/comments?post=148394"}],"version-history":[{"count":0,"href":"https:\/\/linitiative.ca\/International\/wp-json\/wp\/v2\/posts\/148394\/revisions"}],"wp:attachment":[{"href":"https:\/\/linitiative.ca\/International\/wp-json\/wp\/v2\/media?parent=148394"}],"wp:term":[{"taxonomy":"category","embeddable":true,"href":"https:\/\/linitiative.ca\/International\/wp-json\/wp\/v2\/categories?post=148394"},{"taxonomy":"post_tag","embeddable":true,"href":"https:\/\/linitiative.ca\/International\/wp-json\/wp\/v2\/tags?post=148394"}],"curies":[{"name":"wp","href":"https:\/\/api.w.org\/{rel}","templated":true}]}}