{"id":148400,"date":"2022-05-23T11:07:49","date_gmt":"2022-05-23T15:07:49","guid":{"rendered":"https:\/\/linitiative.ca\/International\/cameroun-la-dette-publique-est-de-11-456-milliards-de-fcfa-en-mars-2022\/"},"modified":"2022-05-23T11:07:49","modified_gmt":"2022-05-23T15:07:49","slug":"cameroun-la-dette-publique-est-de-11-456-milliards-de-fcfa-en-mars-2022","status":"publish","type":"post","link":"https:\/\/linitiative.ca\/International\/cameroun-la-dette-publique-est-de-11-456-milliards-de-fcfa-en-mars-2022\/","title":{"rendered":"Cameroun : la dette publique est de 11 456 milliards de FCFA en mars 2022"},"content":{"rendered":"<div>\n<p><img decoding=\"async\" width=\"670\" height=\"430\" src=\"https:\/\/linitiative.ca\/International\/wp-content\/uploads\/sites\/23\/2022\/05\/RICHARD-EVINA-OBAM.jpg\" class=\"attachment-post-thumbnail size-post-thumbnail wp-post-image\" alt=\"La dette publique est en augmentation au Cameroun\" loading=\"lazy\" srcset=\"https:\/\/linitiative.ca\/International\/wp-content\/uploads\/sites\/23\/2022\/05\/RICHARD-EVINA-OBAM.jpg 670w, https:\/\/www.journalducameroun.com\/wp-content\/uploads\/2022\/05\/RICHARD-EVINA-OBAM-300x193.jpg 300w, https:\/\/www.journalducameroun.com\/wp-content\/uploads\/2022\/05\/RICHARD-EVINA-OBAM-600x385.jpg 600w\" sizes=\"auto, (max-width: 670px) 100vw, 670px\"><\/p>\n<h2 style=\"text-align: justify;\">Cette dette qui repr\u00e9sente 45,5% du Produit int\u00e9rieur brut (Pib) est en augmentation de 0,8% par rapport au trimestre pr\u00e9c\u00e9dent et de 7,4% en glissement annuel.<\/h2>\n<p style=\"text-align: justify;\">\n<p style=\"text-align: justify;\">\n<p style=\"text-align: justify;\">\n<p style=\"text-align: justify;\">11\u00a0456 milliards de francs CFA, c\u2019est\u00a0 le montant de la dette de l\u2019Etat du Cameroun relev\u00e9 au mois de mars 2022. \u00a0Cette dette qui est en augmentation, se compose de 92,5% de la dette directe de l\u2019administration centrale et 7,4%\u00a0 de dette des entreprises publiques. L\u2019information est du directeur g\u00e9n\u00e9ral de la Caisse autonome d\u2019amortissement, dans un entretien publi\u00e9 par nos confr\u00e8res de Cameroon tribune ce lundi 23 mai 2022.<\/p>\n<p style=\"text-align: justify;\">Selon Richard Evina Obam, la dette directe de l\u2019administration centrale s\u2019\u00e9l\u00e8ve \u00e0 environ 10\u00a0593 milliards de francs CFA, soit 41,6% du Pib. Elle a augment\u00e9 de 1,0% par rapport au trimestre ant\u00e9rieur et de\u00a0 8,2% en glissement annuel. Cet encours provient de dette issue des cr\u00e9anciers ext\u00e9rieurs \u00e9valu\u00e9e \u00e0 72,1% et de dette issue des bailleurs de fonds domestiques. A cela, il faudrait inclure les Restes \u00e0 payer qui datent de plus de trois mois.<\/p>\n<p style=\"text-align: justify;\">Le directeur de CAA poursuit en donnant une estimation de la dette directe des entreprises publiques \u00e0 fin mars 2022. Elle avoisine 860 milliards de francs CFA, soit 3,4% de Pib. Contrairement \u00e0 la dette de l\u2019administration centrale, celle-ci a diminu\u00e9 de 0,7% par rapport au trimestre pr\u00e9c\u00e9dent et de 1,4% en glissement annuel. Cette dette est due \u00e0 53,4% aux cr\u00e9anciers ext\u00e9rieurs et \u00e0 46,6% aux partenaires int\u00e9rieurs.<\/p>\n<p style=\"text-align: justify;\">A en croire Richard Evina Obam, l\u2019augmentation de la dette de l\u2019Etat du Cameroun trouve son explication dans l\u2019engagement du Cameroun dans la r\u00e9alisation des chantiers d\u2019infrastructure depuis 2010. Pour r\u00e9aliser ces chantiers qui visent le d\u00e9veloppement \u00e9conomique du Cameroun, le gouvernement a choisi de recourir \u00e0 l\u2019endettement public.<\/p>\n<p>Cet article <a rel=\"nofollow\" href=\"https:\/\/www.journalducameroun.com\/cameroun-la-dette-publique-est-de-11-456-milliards-de-fcfa-en-mars-2022\/\">Cameroun : la dette publique est de 11 456 milliards de FCFA en mars 2022<\/a> est apparu en premier sur <a rel=\"nofollow\" href=\"https:\/\/www.journalducameroun.com\/\">Journal du Cameroun<\/a>.<\/p>\n<\/div>\n<p>Auteur: Arnaud MAWEL<br \/>\n<a href=\"https:\/\/www.journalducameroun.com\/cameroun-la-dette-publique-est-de-11-456-milliards-de-fcfa-en-mars-2022\/\">Cliquez ici pour lire l&rsquo;article depuis sa source.<\/a><\/p>\n","protected":false},"excerpt":{"rendered":"<p>Cette dette qui repr\u00e9sente 45,5% du Produit int\u00e9rieur brut (Pib) est en augmentation de 0,8% par rapport au trimestre pr\u00e9c\u00e9dent et de 7,4% en glissement annuel. 11\u00a0456 milliards de francs CFA, c\u2019est\u00a0 le montant de la dette de l\u2019Etat du Cameroun relev\u00e9 au mois de mars 2022. \u00a0Cette dette qui est en augmentation, se compose [&hellip;]<\/p>\n","protected":false},"author":1965,"featured_media":0,"comment_status":"closed","ping_status":"closed","sticky":false,"template":"","format":"standard","meta":{"fifu_image_url":"https:\/\/www.journalducameroun.com\/wp-content\/uploads\/2022\/05\/RICHARD-EVINA-OBAM.jpg","fifu_image_alt":"Cameroun : la dette publique est de 11 456 milliards de FCFA en mars 2022","footnotes":""},"categories":[73,82],"tags":[],"class_list":["post-148400","post","type-post","status-publish","format-standard","hentry","category-actualite","category-cameroun"],"_links":{"self":[{"href":"https:\/\/linitiative.ca\/International\/wp-json\/wp\/v2\/posts\/148400","targetHints":{"allow":["GET"]}}],"collection":[{"href":"https:\/\/linitiative.ca\/International\/wp-json\/wp\/v2\/posts"}],"about":[{"href":"https:\/\/linitiative.ca\/International\/wp-json\/wp\/v2\/types\/post"}],"author":[{"embeddable":true,"href":"https:\/\/linitiative.ca\/International\/wp-json\/wp\/v2\/users\/1965"}],"replies":[{"embeddable":true,"href":"https:\/\/linitiative.ca\/International\/wp-json\/wp\/v2\/comments?post=148400"}],"version-history":[{"count":0,"href":"https:\/\/linitiative.ca\/International\/wp-json\/wp\/v2\/posts\/148400\/revisions"}],"wp:attachment":[{"href":"https:\/\/linitiative.ca\/International\/wp-json\/wp\/v2\/media?parent=148400"}],"wp:term":[{"taxonomy":"category","embeddable":true,"href":"https:\/\/linitiative.ca\/International\/wp-json\/wp\/v2\/categories?post=148400"},{"taxonomy":"post_tag","embeddable":true,"href":"https:\/\/linitiative.ca\/International\/wp-json\/wp\/v2\/tags?post=148400"}],"curies":[{"name":"wp","href":"https:\/\/api.w.org\/{rel}","templated":true}]}}