{"id":148406,"date":"2022-05-23T15:18:03","date_gmt":"2022-05-23T19:18:03","guid":{"rendered":"https:\/\/linitiative.ca\/International\/senegal-lancement-de-latelier-intensif-de-structuration-du-pse-vert\/"},"modified":"2022-05-23T15:18:03","modified_gmt":"2022-05-23T19:18:03","slug":"senegal-lancement-de-latelier-intensif-de-structuration-du-pse-vert","status":"publish","type":"post","link":"https:\/\/linitiative.ca\/International\/senegal-lancement-de-latelier-intensif-de-structuration-du-pse-vert\/","title":{"rendered":"S\u00e9n\u00e9gal : lancement de l\u2019atelier intensif de structuration du PSE Vert"},"content":{"rendered":"<div>\n<p><img decoding=\"async\" width=\"1008\" height=\"756\" src=\"https:\/\/linitiative.ca\/International\/wp-content\/uploads\/sites\/23\/2022\/05\/16533334831066.jpg\" class=\"attachment-post-thumbnail size-post-thumbnail wp-post-image\" alt=\"\" loading=\"lazy\" srcset=\"https:\/\/linitiative.ca\/International\/wp-content\/uploads\/sites\/23\/2022\/05\/16533334831066.jpg 1008w, https:\/\/www.journalducameroun.com\/wp-content\/uploads\/2022\/05\/16533334831066-300x225.jpg 300w, https:\/\/www.journalducameroun.com\/wp-content\/uploads\/2022\/05\/16533334831066-768x576.jpg 768w, https:\/\/www.journalducameroun.com\/wp-content\/uploads\/2022\/05\/16533334831066-587x440.jpg 587w, https:\/\/www.journalducameroun.com\/wp-content\/uploads\/2022\/05\/16533334831066-600x450.jpg 600w\" sizes=\"auto, (max-width: 1008px) 100vw, 1008px\"><\/p>\n<p>Les diff\u00e9rents participants plancheront, durant  5 semaines, sur les aspects techniques et financiers de cet important programme de d\u00e9veloppement.Apr\u00e8s une premi\u00e8re phase de structuration tenue le 16 d\u00e9cembre 2021, le Plan S\u00e9n\u00e9gal Emergent Vert franchit une nouvelle \u00e9tape pour sa concr\u00e9tisation avec l&rsquo;ouverture, ce lundi, de l&rsquo;atelier intensif de structuration.<\/p>\n<p>Cet exercice permettra, \u00e0 l&rsquo;issue des travaux, de finaliser la structuration compl\u00e8te de ce programme qui se veut respectueux de l&rsquo;environnement. Il s&rsquo;agira entre autres d&rsquo;accompagner les projets devant faire partie de l&rsquo;op\u00e9rationnalisation du PSE Vert, d&rsquo;\u00e9valuer les besoins (financement, incitations, partenariats, etc.) des acteurs priv\u00e9s impliqu\u00e9s dans le programme, d&rsquo;obtenir des hautes autorit\u00e9s leur engagement \u00e0 r\u00e9aliser les actions d\u00e9volues \u00e0 l&rsquo;\u00c9tat dans le cadre de la mise en \u0153uvre de cette initiative et de d\u00e9finir tous les \u00e9l\u00e9ments permettant l&rsquo;op\u00e9rationnalisation des r\u00e9formes critiques essentielles pour ce projet.<\/p>\n<p>\u00ab J&rsquo;accorde une attention particuli\u00e8re aux livrables qui sortiront de vos travaux. Ils permettront d&rsquo;avoir une meilleure visibilit\u00e9 sur les questions techniques et financi\u00e8res du PSE Vert \u00bb, a d\u00e9clar\u00e9 le ministre aupr\u00e8s du pr\u00e9sident de la R\u00e9publique en charge du suivi du PSE, Abdou Karim Fofana.<\/p>\n<p>Le PSE Vert, entrant dans le cadre de la deuxi\u00e8me phase du PSE, le principal r\u00e9f\u00e9rentiel des politiques publiques du pr\u00e9sident Macky Sall, vise \u00e0 apporter des r\u00e9ponses concr\u00e8tes \u00e0 la probl\u00e9matique de la gestion de l&rsquo;environnement et des ressources naturelles. Il devrait ainsi permettre au S\u00e9n\u00e9gal de disposer d&rsquo;une \u00e9conomie verte, faible en \u00e9mission de carbone, \u00e9conome en ressources et socialement inclusive.<\/p>\n<p>\u00ab Sans nous priver de ressources dites fossiles qui ont permis aux pays occidentaux et \u00e0 la Chine, par exemple, de s&rsquo;industrialiser, nous veillons \u00e0 un \u00e9quilibre entre l&rsquo;exploitation des ressources mini\u00e8res et p\u00e9troli\u00e8res afin de garantir une croissance partag\u00e9e et la promotion d&rsquo;une \u00e9conomie verte pour un d\u00e9veloppement durable. Nous devons inventer une voix pour continuer \u00e0 cro\u00eetre en harmonie avec la nature\u00a0\u00bb, a clarifi\u00e9 M. Fofana.<\/p>\n<p>Selon lui, trouver cet \u00e9quilibre \u00ab est un d\u00e9fi \u00bb que les r\u00e9flexions issues de cet atelier devront contribuer \u00e0 permettre de relever. Au cours de sa premi\u00e8re phase de structuration, le PSE Vert avait valid\u00e9 six secteurs prioritaires pour l&rsquo;investissement en mettant l&rsquo;accent sur l&rsquo;agriculture.<\/p>\n<p>Cet article <a rel=\"nofollow\" href=\"https:\/\/www.journalducameroun.com\/senegal-lancement-de-latelier-intensif-de-structuration-du-pse-vert\/\">S\u00e9n\u00e9gal : lancement de l\u2019atelier intensif de structuration du PSE Vert<\/a> est apparu en premier sur <a rel=\"nofollow\" href=\"https:\/\/www.journalducameroun.com\/\">Journal du Cameroun<\/a>.<\/p>\n<\/div>\n<p>Auteur: APA News<br \/>\n<a href=\"https:\/\/www.journalducameroun.com\/senegal-lancement-de-latelier-intensif-de-structuration-du-pse-vert\/\">Cliquez ici pour lire l&rsquo;article depuis sa source.<\/a><\/p>\n","protected":false},"excerpt":{"rendered":"<p>Les diff\u00e9rents participants plancheront, durant 5 semaines, sur les aspects techniques et financiers de cet important programme de d\u00e9veloppement.Apr\u00e8s une premi\u00e8re phase de structuration tenue le 16 d\u00e9cembre 2021, le Plan S\u00e9n\u00e9gal Emergent Vert franchit une nouvelle \u00e9tape pour sa concr\u00e9tisation avec l&rsquo;ouverture, ce lundi, de l&rsquo;atelier intensif de structuration. Cet exercice permettra, \u00e0 l&rsquo;issue [&hellip;]<\/p>\n","protected":false},"author":1965,"featured_media":0,"comment_status":"closed","ping_status":"closed","sticky":false,"template":"","format":"standard","meta":{"fifu_image_url":"https:\/\/www.journalducameroun.com\/wp-content\/uploads\/2022\/05\/16533334831066.jpg","fifu_image_alt":"S\u00e9n\u00e9gal : lancement de l\u2019atelier intensif de structuration du PSE Vert","footnotes":""},"categories":[73,82],"tags":[],"class_list":["post-148406","post","type-post","status-publish","format-standard","hentry","category-actualite","category-cameroun"],"_links":{"self":[{"href":"https:\/\/linitiative.ca\/International\/wp-json\/wp\/v2\/posts\/148406","targetHints":{"allow":["GET"]}}],"collection":[{"href":"https:\/\/linitiative.ca\/International\/wp-json\/wp\/v2\/posts"}],"about":[{"href":"https:\/\/linitiative.ca\/International\/wp-json\/wp\/v2\/types\/post"}],"author":[{"embeddable":true,"href":"https:\/\/linitiative.ca\/International\/wp-json\/wp\/v2\/users\/1965"}],"replies":[{"embeddable":true,"href":"https:\/\/linitiative.ca\/International\/wp-json\/wp\/v2\/comments?post=148406"}],"version-history":[{"count":0,"href":"https:\/\/linitiative.ca\/International\/wp-json\/wp\/v2\/posts\/148406\/revisions"}],"wp:attachment":[{"href":"https:\/\/linitiative.ca\/International\/wp-json\/wp\/v2\/media?parent=148406"}],"wp:term":[{"taxonomy":"category","embeddable":true,"href":"https:\/\/linitiative.ca\/International\/wp-json\/wp\/v2\/categories?post=148406"},{"taxonomy":"post_tag","embeddable":true,"href":"https:\/\/linitiative.ca\/International\/wp-json\/wp\/v2\/tags?post=148406"}],"curies":[{"name":"wp","href":"https:\/\/api.w.org\/{rel}","templated":true}]}}