{"id":148417,"date":"2022-05-24T07:32:39","date_gmt":"2022-05-24T11:32:39","guid":{"rendered":"https:\/\/linitiative.ca\/International\/olivier-galan-le-plat-2022-est-un-temps-fort-litteraire-et-musical-pour-cette-annee\/"},"modified":"2022-05-24T07:32:39","modified_gmt":"2022-05-24T11:32:39","slug":"olivier-galan-le-plat-2022-est-un-temps-fort-litteraire-et-musical-pour-cette-annee","status":"publish","type":"post","link":"https:\/\/linitiative.ca\/International\/olivier-galan-le-plat-2022-est-un-temps-fort-litteraire-et-musical-pour-cette-annee\/","title":{"rendered":"Olivier Galan : \u00abLe PLAT 2022 est un temps fort litt\u00e9raire et musical pour cette ann\u00e9e\u00bb"},"content":{"rendered":"<div>\n<p><img decoding=\"async\" width=\"300\" height=\"153\" src=\"https:\/\/linitiative.ca\/International\/wp-content\/uploads\/sites\/23\/2022\/05\/1-Olivier-Galan-300x153-1.png\" class=\"attachment-medium size-medium wp-post-image\" alt=\"\" loading=\"lazy\" srcset=\"https:\/\/linitiative.ca\/International\/wp-content\/uploads\/sites\/23\/2022\/05\/1-Olivier-Galan-300x153-1.png 300w, https:\/\/aujourdhui.ma\/wp-content\/uploads\/2022\/05\/1-Olivier-Galan-274x140.png 274w, https:\/\/aujourdhui.ma\/wp-content\/uploads\/2022\/05\/1-Olivier-Galan.png 746w, https:\/\/aujourdhui.ma\/wp-content\/uploads\/2022\/05\/1-Olivier-Galan-165x84.png 165w, https:\/\/aujourdhui.ma\/wp-content\/uploads\/2022\/05\/1-Olivier-Galan-702x358.png 702w\" sizes=\"auto, (max-width: 300px) 100vw, 300px\"><\/p>\n<p><span style=\"color: #800000;\"><strong>Olivier Galan, directeur d\u00e9l\u00e9gu\u00e9 de l\u2019Institut fran\u00e7ais (IF) de Tanger et T\u00e9touan et commissaire du Printemps du livre et des arts de Tanger<\/strong><\/span><span id=\"more-408707\"><\/span><\/p>\n<p><strong><\/p>\n<div class=\"base-box mom_box_sc_custom mom_box_sc clear\" style=\"-moz-border-radius: 5px; border-radius: 5px;background-color:#eeedeb;\">\n\t\tDans cet entretien, Olivier Galan pr\u00e9sente le bilan du PLAT 2022, qui vient de prendre fin, samedi 21 mai, sous le th\u00e8me \u00abLitt\u00e9rature et musique\u00bb. <\/div>\n<p><\/strong><\/p>\n<p><strong><span style=\"color: #ff0000;\">ALM<\/span> : Comment \u00e9valuez-vous le bilan de ce vingt-quatri\u00e8me Salon ? <\/strong><br \/>\n<span style=\"color: #ff0000;\"><strong>Olivier Galan<\/strong><\/span> : Nous avons d\u00e9marr\u00e9 le Printemps du livre et des arts avec une tr\u00e8s belle fr\u00e9quentation du jeune public, des enfants et des \u00e9l\u00e8ves principalement, qui venaient le matin pour suivre les activit\u00e9s que nous leur avons consacr\u00e9es pour cette ann\u00e9e. Ils ont \u00e9t\u00e9 extr\u00eamement nombreux \u00e0 venir \u00e0 la fois visiter des stands, rencontrer des \u00e9diteurs et des libraires, mais aussi suivre les diff\u00e9rents ateliers programm\u00e9s pour cette vingt-quatri\u00e8me \u00e9dition. Nous avons pu pr\u00e9parer l\u2019ensemble des activit\u00e9s de ce Salon en peu de temps \u2013 en trois mois- et accueillir plus de quarante exposants, une trentaine d\u2019artistes et quarante intervenants, qui viennent de France, du Maroc et d\u2019Espagne. C\u2019est assez enthousiasmant et satisfaisant d\u2019organiser cette \u00e9dition marquant la reprise des activit\u00e9s de l\u2019IF de Tanger.<\/p>\n<p><strong>Comment expliquez-vous la place qu\u2019occupe Tanger en tant que carrefour d\u2019influences litt\u00e9raires et musicales comme il l\u2019a \u00e9t\u00e9 lors de l\u2019une des tables rondes de ce Salon\u00a0? <\/strong><br \/>\nNous avons d\u00e9cid\u00e9 de tenir cette table ronde pour faire conna\u00eetre l\u2019histoire de cette ville, qui a \u00e9t\u00e9 travers\u00e9e par des \u00e9crivains et c\u2019\u00e9tait aussi un lieu o\u00f9 la musique \u00e9tait tr\u00e8s pr\u00e9sente comme le jazz, Gnawa et la musique arabo-andalouse. L\u2019id\u00e9e de cette table ronde est de se questionner sur ce qui reste en fait de cette culture \u00e0 la fois litt\u00e9raire et musicale et \u00e9galement de s\u2019interroger sur le pr\u00e9sent et de dire ce que nous avons aujourd\u2019hui au niveau musical et au niveau litt\u00e9raire \u00e0 Tanger.<\/p>\n<p><strong>Pourriez-vous nous d\u00e9finir cette relation entre les \u00e9crivains, po\u00e8tes et artistes\u00a0conform\u00e9ment au th\u00e8me principal de cette vingt-quatri\u00e8me \u00e9dition ? \u00a0<\/strong><br \/>\nNous avons cherch\u00e9 \u00e0 nous interroger sur ces relations existant entre la litt\u00e9rature et la musique et entre la po\u00e9sie et la musique. En fait, nous constatons qu\u2019il y a des interactions fortes et que de nombreux \u00e9crivains s\u2019inspirent des faits fictifs ou r\u00e9els concernant la musique ou m\u00eame cr\u00e9er une forme de musicalit\u00e9 dans leur propre texte. Les artistes s\u2019inspirent eux de la litt\u00e9rature ou peuvent m\u00eame chercher des textes litt\u00e9raires pour les mettre en musique.<\/p>\n<p><strong>Quel est \u00e0 votre avis l\u2019apport du PLAT \u00e0 l\u2019animation de Tanger\u00a0?<\/strong><br \/>\nLe Salon existe depuis vingt-quatre ans. Il est devenu un \u00e9v\u00e9nement incontournable et est inscrit dans l\u2019animation de Tanger comme c\u2019est le cas pour TanJazz. Nous y proposons \u00e0 la fois des ateliers pour les enfants, des tables rondes pour les adultes et des stands. Cet \u00e9v\u00e9nement revient cette ann\u00e9e au bout de deux ans avec trois jours d\u2019activit\u00e9s compl\u00e8tement gratuits. Le PLAT est un temps fort litt\u00e9raire musical pour cette ann\u00e9e et que nous esp\u00e9rons organiser l\u2019ann\u00e9e prochaine.<\/p>\n<p><strong>Quelles sont vos activit\u00e9s phares pr\u00e9vues apr\u00e8s le PLAT 2022\u00a0?<\/strong><br \/>\nApr\u00e8s le PLAT 2022, l\u2019Institut fran\u00e7ais poursuit ses activit\u00e9s sur le site de Tanger. Nous accueillons l\u2019artiste Oum le 3 juin. Nous aurons l\u2019occasion de c\u00e9l\u00e9brer la f\u00eate de la musique le 21 juin et d\u2019avoir les s\u00e9ances cin\u00e9ma toutes les semaines. Nous aurons parmi nos rendez-vous litt\u00e9raires une rencontre avec l\u2019\u00e9crivain Abdellah Ta\u00efa au mois de juin,\u2026<\/p>\n<\/div>\n<p>Auteur: Najat Fa\u00efssal<br \/>\n<a href=\"https:\/\/aujourdhui.ma\/culture\/olivier-galan-le-plat-2022-est-un-temps-fort-litteraire-et-musical-pour-cette-annee\">Cliquez ici pour lire l&rsquo;article depuis sa source.<\/a><\/p>\n","protected":false},"excerpt":{"rendered":"<p>Olivier Galan, directeur d\u00e9l\u00e9gu\u00e9 de l\u2019Institut fran\u00e7ais (IF) de Tanger et T\u00e9touan et commissaire du Printemps du livre et des arts de Tanger Dans cet entretien, Olivier Galan pr\u00e9sente le bilan du PLAT 2022, qui vient de prendre fin, samedi 21 mai, sous le th\u00e8me \u00abLitt\u00e9rature et musique\u00bb. ALM : Comment \u00e9valuez-vous le bilan de [&hellip;]<\/p>\n","protected":false},"author":1759,"featured_media":0,"comment_status":"closed","ping_status":"closed","sticky":false,"template":"","format":"standard","meta":{"fifu_image_url":"https:\/\/aujourdhui.ma\/wp-content\/uploads\/2022\/05\/1-Olivier-Galan-300x153.png","fifu_image_alt":"Olivier Galan : \u00abLe PLAT 2022 est un temps fort litt\u00e9raire et musical pour cette ann\u00e9e\u00bb","footnotes":""},"categories":[73,54],"tags":[],"class_list":["post-148417","post","type-post","status-publish","format-standard","hentry","category-actualite","category-maroc"],"_links":{"self":[{"href":"https:\/\/linitiative.ca\/International\/wp-json\/wp\/v2\/posts\/148417","targetHints":{"allow":["GET"]}}],"collection":[{"href":"https:\/\/linitiative.ca\/International\/wp-json\/wp\/v2\/posts"}],"about":[{"href":"https:\/\/linitiative.ca\/International\/wp-json\/wp\/v2\/types\/post"}],"author":[{"embeddable":true,"href":"https:\/\/linitiative.ca\/International\/wp-json\/wp\/v2\/users\/1759"}],"replies":[{"embeddable":true,"href":"https:\/\/linitiative.ca\/International\/wp-json\/wp\/v2\/comments?post=148417"}],"version-history":[{"count":0,"href":"https:\/\/linitiative.ca\/International\/wp-json\/wp\/v2\/posts\/148417\/revisions"}],"wp:attachment":[{"href":"https:\/\/linitiative.ca\/International\/wp-json\/wp\/v2\/media?parent=148417"}],"wp:term":[{"taxonomy":"category","embeddable":true,"href":"https:\/\/linitiative.ca\/International\/wp-json\/wp\/v2\/categories?post=148417"},{"taxonomy":"post_tag","embeddable":true,"href":"https:\/\/linitiative.ca\/International\/wp-json\/wp\/v2\/tags?post=148417"}],"curies":[{"name":"wp","href":"https:\/\/api.w.org\/{rel}","templated":true}]}}