{"id":148428,"date":"2022-05-23T14:00:00","date_gmt":"2022-05-23T18:00:00","guid":{"rendered":"https:\/\/linitiative.ca\/International\/une-oeuvre-qui-resiste-a-loubli-et-a-lusure-du-temps\/"},"modified":"2022-05-23T14:00:00","modified_gmt":"2022-05-23T18:00:00","slug":"une-oeuvre-qui-resiste-a-loubli-et-a-lusure-du-temps","status":"publish","type":"post","link":"https:\/\/linitiative.ca\/International\/une-oeuvre-qui-resiste-a-loubli-et-a-lusure-du-temps\/","title":{"rendered":"Une \u0153uvre qui r\u00e9siste \u00e0 l\u2019oubli et \u00e0 l\u2019usure du temps\u2026"},"content":{"rendered":"<div>\n<p class=\"has-text-align-center has-vivid-red-color has-text-color\"><em><strong>Aziz Belal \u2026 40 ans apr\u00e8s\u2026<\/strong><\/em><\/p>\n<p class=\"has-black-color has-text-color\"><strong>Il est des hommes et des femmes qui r\u00e9sistent \u00e0 l\u2019usure du temps. Feu Aziz Belal, \u00e9minent \u00e9conomiste et homme politique a marqu\u00e9 la vie du Parti communiste marocain, celle, courte, du Parti de la lib\u00e9ration et du socialisme, et en fait indubitablement partie.<\/strong><\/p>\n<p class=\"has-black-color has-text-color\"><em>Ses anciens camarades, peu nombreux aujourd\u2019hui \u2013 conform\u00e9ment \u00e0 la loi de la vie et de la mort-, ses anciens \u00e9tudiants et adeptes encore vivants et tous ceux qui s\u2019int\u00e9ressent \u00e0 l\u2019histoire du Maroc, se souviennent aujourd\u2019hui 23 mai, de la disparition, il y a 40 ann\u00e9es, de ce grand penseur marocain, h\u00e9las victime, \u00e0 ce jour, de l\u2019oubli de la part de l\u2019Universit\u00e9 marocaine qui ne dispense pas ses cours historiques.<\/em><\/p>\n<p class=\"has-black-color has-text-color\"><em>Et pourtant, le regrett\u00e9 d\u00e9funt, l\u2019ampleur et la profondeur de r\u00e9flexion et de sa pens\u00e9e ont marqu\u00e9 l\u2019histoire du Maroc, sa classe politique de l\u2019\u00e9poque, notamment durant la seconde moiti\u00e9 du si\u00e8cle dernier.\u00a0<\/em><\/p>\n<p class=\"has-black-color has-text-color\"><em>A plusieurs reprises, des t\u00e9moignages sur l\u2019homme soulignent l\u2019impact qu\u2019Aziz Belal a eu sur les g\u00e9n\u00e9rations de militantes et de militants, d\u2019\u00e9tudiantes et d\u2019\u00e9tudiants ainsi que de cadres de l\u2019Etat, tout particuli\u00e8rement durant la p\u00e9riode PCM-PLS-PPS.<\/em><\/p>\n<p class=\"has-black-color has-text-color\">Gr\u00e2ce \u00e0 Belal, c\u2019est toute l\u2019Histoire \u00e9conomique du Maroc du XX \u00e8me si\u00e8cle, depuis la p\u00e9n\u00e9tration coloniale, qui est, \u00e9conomiquement, socialement et politiquement, act\u00e9e, avec les traces ind\u00e9l\u00e9biles qu\u2019il a grav\u00e9es sur son pays.<\/p>\n<p class=\"has-black-color has-text-color\">Il faudra lui reconna\u00eetre un grand r\u00f4le et apport \u00e0 la diffusion des id\u00e9es du socialisme scientifique, de la pens\u00e9e marxiste et \u00e0 la transmission brillante du savoir et de la connaissance historique et scientifique.<\/p>\n<p class=\"has-black-color has-text-color\">Le Parti doit, en grande partie, son rayonnement \u00e0 l\u2019apport intellectuel et culturel de ce grand penseur marocain que la vie n\u2019en offre que peu durant plusieurs g\u00e9n\u00e9rations\u2026 En fait, un v\u00e9ritable intellectuel organique, made in Morroko, \u00a0qui a pens\u00e9 et fa\u00e7onn\u00e9, \u00e0 sa mani\u00e8re, le Maghreb, le monde arabe et l\u2019Afrique et leur d\u00e9veloppement ult\u00e9rieur.<\/p>\n<p class=\"has-black-color has-text-color\">Sans conteste, Belal est pass\u00e9 pour \u00eatre, au Maroc, le ma\u00eetre de l\u2019investissement immat\u00e9riel, du capital social, culturel et intellectuel.<\/p>\n<p class=\"has-black-color has-text-color\">Les experts \u00e9conomiques honn\u00eates continuent \u00e0 \u00e9voquer l\u2019h\u00e9ritage, les recherches et les audaces scientifiques du premier Marocain d\u00e9tenteur d\u2019un doctorat, en 1965, que fut Aziz Belal.<\/p>\n<p class=\"has-black-color has-text-color\">C\u2019est l\u00e0 le meilleur t\u00e9moignage que l\u2019on puisse rendre \u00e0 ce grand patriote qui avait pr\u00e9conis\u00e9, il y a quatre d\u00e9cennies, des alternatives demeurent d\u2019une actualit\u00e9 br\u00fblante. Le contenu du projet de mod\u00e8le de d\u00e9veloppement \u00e9conomique pour le Maroc est la meilleure illustration de la grandeur de ce visionnaire.<\/p>\n<p class=\"has-black-color has-text-color\">Mohamed Khalil<\/p>\n<p>L\u2019article <a rel=\"nofollow\" href=\"http:\/\/albayane.press.ma\/une-oeuvre-qui-resiste-a-loubli-et-a-lusure-du-temps.html\">Une \u0153uvre qui r\u00e9siste \u00e0 l\u2019oubli et \u00e0 l\u2019usure du temps\u2026<\/a> est apparu en premier sur <a rel=\"nofollow\" href=\"http:\/\/albayane.press.ma\/\">ALBAYANE<\/a>.<\/p>\n<\/div>\n<p>Auteur: M&rsquo;hammed rahal<br \/>\n<a href=\"http:\/\/albayane.press.ma\/une-oeuvre-qui-resiste-a-loubli-et-a-lusure-du-temps.html\">Cliquez ici pour lire l&rsquo;article depuis sa source.<\/a><\/p>\n","protected":false},"excerpt":{"rendered":"<p>Aziz Belal \u2026 40 ans apr\u00e8s\u2026 Il est des hommes et des femmes qui r\u00e9sistent \u00e0 l\u2019usure du temps. Feu Aziz Belal, \u00e9minent \u00e9conomiste et homme politique a marqu\u00e9 la vie du Parti communiste marocain, celle, courte, du Parti de la lib\u00e9ration et du socialisme, et en fait indubitablement partie. Ses anciens camarades, peu nombreux [&hellip;]<\/p>\n","protected":false},"author":1760,"featured_media":0,"comment_status":"closed","ping_status":"closed","sticky":false,"template":"","format":"standard","meta":{"fifu_image_url":"","fifu_image_alt":"","footnotes":""},"categories":[73,54],"tags":[],"class_list":["post-148428","post","type-post","status-publish","format-standard","hentry","category-actualite","category-maroc"],"_links":{"self":[{"href":"https:\/\/linitiative.ca\/International\/wp-json\/wp\/v2\/posts\/148428","targetHints":{"allow":["GET"]}}],"collection":[{"href":"https:\/\/linitiative.ca\/International\/wp-json\/wp\/v2\/posts"}],"about":[{"href":"https:\/\/linitiative.ca\/International\/wp-json\/wp\/v2\/types\/post"}],"author":[{"embeddable":true,"href":"https:\/\/linitiative.ca\/International\/wp-json\/wp\/v2\/users\/1760"}],"replies":[{"embeddable":true,"href":"https:\/\/linitiative.ca\/International\/wp-json\/wp\/v2\/comments?post=148428"}],"version-history":[{"count":0,"href":"https:\/\/linitiative.ca\/International\/wp-json\/wp\/v2\/posts\/148428\/revisions"}],"wp:attachment":[{"href":"https:\/\/linitiative.ca\/International\/wp-json\/wp\/v2\/media?parent=148428"}],"wp:term":[{"taxonomy":"category","embeddable":true,"href":"https:\/\/linitiative.ca\/International\/wp-json\/wp\/v2\/categories?post=148428"},{"taxonomy":"post_tag","embeddable":true,"href":"https:\/\/linitiative.ca\/International\/wp-json\/wp\/v2\/tags?post=148428"}],"curies":[{"name":"wp","href":"https:\/\/api.w.org\/{rel}","templated":true}]}}