{"id":148430,"date":"2022-05-23T14:00:00","date_gmt":"2022-05-23T18:00:00","guid":{"rendered":"https:\/\/linitiative.ca\/International\/a-la-recherche-de-la-gauche-perdue\/"},"modified":"2022-05-23T14:00:00","modified_gmt":"2022-05-23T18:00:00","slug":"a-la-recherche-de-la-gauche-perdue","status":"publish","type":"post","link":"https:\/\/linitiative.ca\/International\/a-la-recherche-de-la-gauche-perdue\/","title":{"rendered":"A la recherche de la gauche perdue !"},"content":{"rendered":"<div>\n<p class=\"has-black-color has-text-color\"><strong>On ne cessera jamais de le r\u00e9p\u00e9ter. La gauche marocaine, est-elle toujours en vie ? Pourrait-elle donner signe de vie, en ces moments de crise politique ? Il serait vraiment amer voire douloureux de r\u00e9pondre par la n\u00e9gative ! Elle n\u2019a pas pu colmater ses divergences, pour se focaliser essentiellement sur les priorit\u00e9s et les exigences des causes supr\u00eames du peuple et de la Nation. Son \u00e9clipse qui ne fait que durer a permis, en cons\u00e9quence, aux forces de la d\u00e9pravation et de l\u2019obscurantisme de prendre le dessus, au sein d\u2019une soci\u00e9t\u00e9 outr\u00e9e et abattue. Sa situation actuelle s\u2019aggrave, au fil du temps et ne donne pas de lueur de rapprochement, du moins \u00e0 court terme. Elle a perdu beaucoup de sa notori\u00e9t\u00e9 et son aura, notamment ces composantes dont le pass\u00e9 fut retentissant. Au lieu de se refaire une sant\u00e9, dans ses structures, du sommet au plus bas de l\u2019\u00e9chelle, il s\u2019est endormie sur ses lauriers, juch\u00e9e sur sa tour d\u2019ivoire, se croyant d\u00e9tenir toutes les v\u00e9rit\u00e9s absolues et ignorant les mutations profondes op\u00e9r\u00e9es sur le v\u00e9cu quotidiens. Au point que le tapis subitement, s\u2019est tir\u00e9e sous ses pieds!<\/strong><\/p>\n<p class=\"has-black-color has-text-color\">Il est bien vrai que sa rel\u00e9gation au second plan dans l\u2019\u00e9chiquier politique est \u00e9galement l\u2019\u0153uvre du Pouvoir, depuis d\u00e9j\u00e0 bien longtemps. Elle fut victime de r\u00e9pression et d\u2019oppression f\u00e9roces, depuis des ann\u00e9es de plomb jusqu\u2019\u00e0 nos jours, avec des m\u00e9thodes qui diff\u00e9rent d\u2019une p\u00e9riode \u00e0 l\u2019autre. Nombre de ses leaders ont connu la torture, la d\u00e9tention, l\u2019exil, l\u2019enl\u00e8vement et autres formes d\u2019intimidations pour l\u2019affaiblir et briser son \u00e9pine. Pour museler son ascension et surtout la \u00ab g\u00eane \u00bb que lui inspire son enracinement, on a pr\u00e9fabriqu\u00e9 des cr\u00e9atures partisanes, sans l\u00e9gitimit\u00e9 ni impact, encore moins cr\u00e9dibilit\u00e9 et on les dote de tous les moyens pour mettre la main sur la gestion des affaires publiques et locales du pays. Une mani\u00e8re de demeurer dans un pluralisme \u00ab\u00a0sournois\u00a0\u00bb et en faire une \u00abfa\u00e7ade\u00bb tamis\u00e9e, sans trop se soucier du sort des citoyens et de l\u2019image ext\u00e9rieure. Cette fantaisie burlesque qui pr\u00e9sente un danger s\u00e9rieux sur le pouvoir lui-m\u00eame, a conduit \u00e0 la d\u00e9b\u00e2cle politique que nous vivons \u00e0 pr\u00e9sent. Cependant, nul ne peut nier, en revanche, la d\u00e9faillance de la gauche marocaine, face aux enjeux majeurs qui devraient, en fait, constituer une alliance, soud\u00e9e et homog\u00e8ne, des forces d\u00e9mocratiques et progressistes, en d\u00e9pit des diff\u00e9rends et des diff\u00e9rences des appr\u00e9ciations r\u00e9f\u00e9rentielles qui distinguent les unes et les autres de ses constituantes. La langue de bois qu\u2019elle continue \u00e0 faire valoir, malgr\u00e9 ses d\u00e9boires et l\u2019\u00e9loignement assassin dont elle fait preuve \u00e0 l\u2019\u00e9gard des couches sociales d\u00e9sh\u00e9rit\u00e9es, ont beaucoup affect\u00e9 son apport sur le champ politique national. Esp\u00e8re-t-on encore une r\u00e9surrection de la gauche marocaine, quoique cela paraisse complexe, du moins, en ces temps-ci ? En tous cas, ce serait le v\u0153u des populations en qu\u00eate de la d\u00e9livrance salutaire !<\/p>\n<p>L\u2019article <a rel=\"nofollow\" href=\"http:\/\/albayane.press.ma\/a-la-recherche-de-la-gauche-perdue.html\">A la recherche de la gauche perdue !<\/a> est apparu en premier sur <a rel=\"nofollow\" href=\"http:\/\/albayane.press.ma\/\">ALBAYANE<\/a>.<\/p>\n<\/div>\n<p>Auteur: M&rsquo;hammed rahal<br \/>\n<a href=\"http:\/\/albayane.press.ma\/a-la-recherche-de-la-gauche-perdue.html\">Cliquez ici pour lire l&rsquo;article depuis sa source.<\/a><\/p>\n","protected":false},"excerpt":{"rendered":"<p>On ne cessera jamais de le r\u00e9p\u00e9ter. La gauche marocaine, est-elle toujours en vie ? Pourrait-elle donner signe de vie, en ces moments de crise politique ? Il serait vraiment amer voire douloureux de r\u00e9pondre par la n\u00e9gative ! Elle n\u2019a pas pu colmater ses divergences, pour se focaliser essentiellement sur les priorit\u00e9s et les [&hellip;]<\/p>\n","protected":false},"author":1760,"featured_media":0,"comment_status":"closed","ping_status":"closed","sticky":false,"template":"","format":"standard","meta":{"fifu_image_url":"","fifu_image_alt":"","footnotes":""},"categories":[73,54],"tags":[],"class_list":["post-148430","post","type-post","status-publish","format-standard","hentry","category-actualite","category-maroc"],"_links":{"self":[{"href":"https:\/\/linitiative.ca\/International\/wp-json\/wp\/v2\/posts\/148430","targetHints":{"allow":["GET"]}}],"collection":[{"href":"https:\/\/linitiative.ca\/International\/wp-json\/wp\/v2\/posts"}],"about":[{"href":"https:\/\/linitiative.ca\/International\/wp-json\/wp\/v2\/types\/post"}],"author":[{"embeddable":true,"href":"https:\/\/linitiative.ca\/International\/wp-json\/wp\/v2\/users\/1760"}],"replies":[{"embeddable":true,"href":"https:\/\/linitiative.ca\/International\/wp-json\/wp\/v2\/comments?post=148430"}],"version-history":[{"count":0,"href":"https:\/\/linitiative.ca\/International\/wp-json\/wp\/v2\/posts\/148430\/revisions"}],"wp:attachment":[{"href":"https:\/\/linitiative.ca\/International\/wp-json\/wp\/v2\/media?parent=148430"}],"wp:term":[{"taxonomy":"category","embeddable":true,"href":"https:\/\/linitiative.ca\/International\/wp-json\/wp\/v2\/categories?post=148430"},{"taxonomy":"post_tag","embeddable":true,"href":"https:\/\/linitiative.ca\/International\/wp-json\/wp\/v2\/tags?post=148430"}],"curies":[{"name":"wp","href":"https:\/\/api.w.org\/{rel}","templated":true}]}}