{"id":148431,"date":"2022-05-23T14:00:00","date_gmt":"2022-05-23T18:00:00","guid":{"rendered":"https:\/\/linitiative.ca\/International\/scenes-de-liesse-a-berkane-apres-le-deuxieme-sacre-africain-de-la-rsb\/"},"modified":"2022-05-23T14:00:00","modified_gmt":"2022-05-23T18:00:00","slug":"scenes-de-liesse-a-berkane-apres-le-deuxieme-sacre-africain-de-la-rsb","status":"publish","type":"post","link":"https:\/\/linitiative.ca\/International\/scenes-de-liesse-a-berkane-apres-le-deuxieme-sacre-africain-de-la-rsb\/","title":{"rendered":"Sc\u00e8nes de liesse \u00e0 Berkane apr\u00e8s le deuxi\u00e8me sacre africain de la RSB"},"content":{"rendered":"<div>\n<p class=\"has-black-color has-text-color\"><strong>Des milliers de Berkanis ont c\u00e9l\u00e9br\u00e9, dans la nuit de vendredi \u00e0 samedi dans les diff\u00e9rentes places et art\u00e8res de la ville de Berkane, le nouveau sacre africain de la Renaissance de Berkane (RSB).<\/strong><\/p>\n<p class=\"has-black-color has-text-color\">Munis des drapeaux nationaux et des \u00e9tendards oranges de la RSB, les supporters ont sillonn\u00e9 les avenues de la ville au rythme des slogans et cris de victoire, c\u00e9l\u00e9brant l\u2019exploit du collectif orange qui a remport\u00e9 son deuxi\u00e8me titre de la Coupe de la Conf\u00e9d\u00e9ration africaine de football (CAF).<\/p>\n<p class=\"has-black-color has-text-color\">Les Oranges ont battu la formation sud-africaine d\u2019Orlando Pirates par 5 tirs au but \u00e0 4 (temps r\u00e9glementaire: 0-0, prolongations: 1-1), en finale de cette comp\u00e9tition disput\u00e9e vendredi \u00e0 Uyo (Nigeria).<\/p>\n<p class=\"has-black-color has-text-color\">Approch\u00e9s par la MAP, des supporters et habitants de la ville de Berkane ont exprim\u00e9 leur joie et satisfaction pour ce deuxi\u00e8me titre africain, qui vient r\u00e9compenser les efforts et la d\u00e9termination de l\u2019ensemble des composantes du club orange \u00e0 repr\u00e9senter dignement le football marocain sur la sc\u00e8ne internationale.<\/p>\n<p class=\"has-black-color has-text-color\">Cet exploit permet au Maroc de conserver le titre pour la troisi\u00e8me fois cons\u00e9cutive, a-t-on soulign\u00e9, mettant en exergue le s\u00e9rieux et l\u2019ambition des joueurs berkanis qui ont r\u00e9ussi deux \u201cremontadas\u201d, en quarts et en demi-finales, avant de s\u2019imposer en finale et d\u00e9crocher ce pr\u00e9cieux troph\u00e9e.<\/p>\n<p class=\"has-black-color has-text-color\">En finale, les Oranges ont ouvert le score gr\u00e2ce \u00e0 Youssef El Fahli sur p\u00e9nalty \u00e0 la 97\u00e8 minute, alors que Thembinkosi Lorch (117\u00e8) \u00e0 \u00e9galis\u00e9 pour les Sud-Africains. Lors de la s\u00e9ance de tirs au but, les Berkanis se sont impos\u00e9s gr\u00e2ce \u00e0 un arr\u00eat brillant du gardien Hamza Hamiani.<\/p>\n<p class=\"has-black-color has-text-color\">La RSB disputait la 3-\u00e8me finale de son histoire en Coupe de la CAF, apr\u00e8s une finale perdue en 2019 face au Zamalek et une autre remport\u00e9e en 2020 aux d\u00e9pens d\u2019une autre \u00e9quipe \u00e9gyptienne, Pyramids FC.<\/p>\n<p>L\u2019article <a rel=\"nofollow\" href=\"http:\/\/albayane.press.ma\/scenes-de-liesse-a-berkane-apres-le-deuxieme-sacre-africain-de-la-rsb.html\">Sc\u00e8nes de liesse \u00e0 Berkane apr\u00e8s le deuxi\u00e8me sacre africain de la RSB<\/a> est apparu en premier sur <a rel=\"nofollow\" href=\"http:\/\/albayane.press.ma\/\">ALBAYANE<\/a>.<\/p>\n<\/div>\n<p>Auteur: M&rsquo;hammed rahal<br \/>\n<a href=\"http:\/\/albayane.press.ma\/scenes-de-liesse-a-berkane-apres-le-deuxieme-sacre-africain-de-la-rsb.html\">Cliquez ici pour lire l&rsquo;article depuis sa source.<\/a><\/p>\n","protected":false},"excerpt":{"rendered":"<p>Des milliers de Berkanis ont c\u00e9l\u00e9br\u00e9, dans la nuit de vendredi \u00e0 samedi dans les diff\u00e9rentes places et art\u00e8res de la ville de Berkane, le nouveau sacre africain de la Renaissance de Berkane (RSB). Munis des drapeaux nationaux et des \u00e9tendards oranges de la RSB, les supporters ont sillonn\u00e9 les avenues de la ville au [&hellip;]<\/p>\n","protected":false},"author":1760,"featured_media":0,"comment_status":"closed","ping_status":"closed","sticky":false,"template":"","format":"standard","meta":{"fifu_image_url":"","fifu_image_alt":"","footnotes":""},"categories":[73,54],"tags":[],"class_list":["post-148431","post","type-post","status-publish","format-standard","hentry","category-actualite","category-maroc"],"_links":{"self":[{"href":"https:\/\/linitiative.ca\/International\/wp-json\/wp\/v2\/posts\/148431","targetHints":{"allow":["GET"]}}],"collection":[{"href":"https:\/\/linitiative.ca\/International\/wp-json\/wp\/v2\/posts"}],"about":[{"href":"https:\/\/linitiative.ca\/International\/wp-json\/wp\/v2\/types\/post"}],"author":[{"embeddable":true,"href":"https:\/\/linitiative.ca\/International\/wp-json\/wp\/v2\/users\/1760"}],"replies":[{"embeddable":true,"href":"https:\/\/linitiative.ca\/International\/wp-json\/wp\/v2\/comments?post=148431"}],"version-history":[{"count":0,"href":"https:\/\/linitiative.ca\/International\/wp-json\/wp\/v2\/posts\/148431\/revisions"}],"wp:attachment":[{"href":"https:\/\/linitiative.ca\/International\/wp-json\/wp\/v2\/media?parent=148431"}],"wp:term":[{"taxonomy":"category","embeddable":true,"href":"https:\/\/linitiative.ca\/International\/wp-json\/wp\/v2\/categories?post=148431"},{"taxonomy":"post_tag","embeddable":true,"href":"https:\/\/linitiative.ca\/International\/wp-json\/wp\/v2\/tags?post=148431"}],"curies":[{"name":"wp","href":"https:\/\/api.w.org\/{rel}","templated":true}]}}