{"id":148443,"date":"2022-05-24T12:45:47","date_gmt":"2022-05-24T16:45:47","guid":{"rendered":"https:\/\/linitiative.ca\/International\/province-de-figuig-la-plateforme-des-jeunes-une-reponse-realiste-et-efficace-aux-attentes-de-cette-categorie-2\/"},"modified":"2022-05-24T12:45:47","modified_gmt":"2022-05-24T16:45:47","slug":"province-de-figuig-la-plateforme-des-jeunes-une-reponse-realiste-et-efficace-aux-attentes-de-cette-categorie-2","status":"publish","type":"post","link":"https:\/\/linitiative.ca\/International\/province-de-figuig-la-plateforme-des-jeunes-une-reponse-realiste-et-efficace-aux-attentes-de-cette-categorie-2\/","title":{"rendered":"Province de Figuig : La Plateforme des jeunes, une r\u00e9ponse r\u00e9aliste et efficace aux attentes de cette cat\u00e9gorie"},"content":{"rendered":"<div>\n<div style=\"margin-bottom:20px;\"><img loading=\"lazy\" decoding=\"async\" width=\"480\" height=\"360\" src=\"https:\/\/linitiative.ca\/International\/wp-content\/uploads\/sites\/23\/2022\/05\/D988D8A7D982D8B9D98AD8A9-D988D981D8B9D8A7D984D8A9-D984D8A7D986D8AAD8B8D8A7D8B1D8A7D8AA-D8A7D984D8B4D8A8D8A7D8A8.jpg\" class=\"attachment-post-thumbnail size-post-thumbnail wp-post-image\" alt=\"\" srcset=\"https:\/\/linitiative.ca\/International\/wp-content\/uploads\/sites\/23\/2022\/05\/D988D8A7D982D8B9D98AD8A9-D988D981D8B9D8A7D984D8A9-D984D8A7D986D8AAD8B8D8A7D8B1D8A7D8AA-D8A7D984D8B4D8A8D8A7D8A8.jpg 480w, https:\/\/www.mapoujda.ma\/map\/uploads\/2022\/05\/\u0625\u062c\u0627\u0628\u0629-\u0648\u0627\u0642\u0639\u064a\u0629-\u0648\u0641\u0639\u0627\u0644\u0629-\u0644\u0627\u0646\u062a\u0638\u0627\u0631\u0627\u062a-\u0627\u0644\u0634\u0628\u0627\u0628-300x225.jpg 300w, https:\/\/www.mapoujda.ma\/map\/uploads\/2022\/05\/\u0625\u062c\u0627\u0628\u0629-\u0648\u0627\u0642\u0639\u064a\u0629-\u0648\u0641\u0639\u0627\u0644\u0629-\u0644\u0627\u0646\u062a\u0638\u0627\u0631\u0627\u062a-\u0627\u0644\u0634\u0628\u0627\u0628-86x64.jpg 86w\" sizes=\"auto, (max-width: 480px) 100vw, 480px\"><\/div>\n<p>L\u2019article <a rel=\"nofollow\" href=\"https:\/\/www.mapoujda.ma\/fr\/province-de-figuig-la-plateforme-des-jeunes-une-reponse-realiste-et-efficace-aux-attentes-de-cette-categorie-2\/\">Province de Figuig : La Plateforme des jeunes, une r\u00e9ponse r\u00e9aliste et efficace aux attentes de cette cat\u00e9gorie<\/a> est apparu en premier sur <a rel=\"nofollow\" href=\"https:\/\/www.mapoujda.ma\/fr\">MapOujda<\/a>.<\/p>\n<\/div>\n<p>Auteur: Soufiane ELAHMAR<br \/>\n<a href=\"https:\/\/www.mapoujda.ma\/fr\/province-de-figuig-la-plateforme-des-jeunes-une-reponse-realiste-et-efficace-aux-attentes-de-cette-categorie-2\/\">Cliquez ici pour lire l&rsquo;article depuis sa source.<\/a><\/p>\n","protected":false},"excerpt":{"rendered":"<p>L\u2019article Province de Figuig : La Plateforme des jeunes, une r\u00e9ponse r\u00e9aliste et efficace aux attentes de cette cat\u00e9gorie est apparu en premier sur MapOujda. Auteur: Soufiane ELAHMAR Cliquez ici pour lire l&rsquo;article depuis sa source.<\/p>\n","protected":false},"author":1788,"featured_media":0,"comment_status":"closed","ping_status":"closed","sticky":false,"template":"","format":"standard","meta":{"fifu_image_url":"https:\/\/www.mapoujda.ma\/map\/uploads\/2022\/05\/\u0625\u062c\u0627\u0628\u0629-\u0648\u0627\u0642\u0639\u064a\u0629-\u0648\u0641\u0639\u0627\u0644\u0629-\u0644\u0627\u0646\u062a\u0638\u0627\u0631\u0627\u062a-\u0627\u0644\u0634\u0628\u0627\u0628.jpg","fifu_image_alt":"Province de Figuig : La Plateforme des jeunes, une r\u00e9ponse r\u00e9aliste et efficace aux attentes de cette cat\u00e9gorie","footnotes":""},"categories":[54,76],"tags":[],"class_list":["post-148443","post","type-post","status-publish","format-standard","hentry","category-maroc","category-regions"],"_links":{"self":[{"href":"https:\/\/linitiative.ca\/International\/wp-json\/wp\/v2\/posts\/148443","targetHints":{"allow":["GET"]}}],"collection":[{"href":"https:\/\/linitiative.ca\/International\/wp-json\/wp\/v2\/posts"}],"about":[{"href":"https:\/\/linitiative.ca\/International\/wp-json\/wp\/v2\/types\/post"}],"author":[{"embeddable":true,"href":"https:\/\/linitiative.ca\/International\/wp-json\/wp\/v2\/users\/1788"}],"replies":[{"embeddable":true,"href":"https:\/\/linitiative.ca\/International\/wp-json\/wp\/v2\/comments?post=148443"}],"version-history":[{"count":0,"href":"https:\/\/linitiative.ca\/International\/wp-json\/wp\/v2\/posts\/148443\/revisions"}],"wp:attachment":[{"href":"https:\/\/linitiative.ca\/International\/wp-json\/wp\/v2\/media?parent=148443"}],"wp:term":[{"taxonomy":"category","embeddable":true,"href":"https:\/\/linitiative.ca\/International\/wp-json\/wp\/v2\/categories?post=148443"},{"taxonomy":"post_tag","embeddable":true,"href":"https:\/\/linitiative.ca\/International\/wp-json\/wp\/v2\/tags?post=148443"}],"curies":[{"name":"wp","href":"https:\/\/api.w.org\/{rel}","templated":true}]}}