{"id":148445,"date":"2022-05-24T13:03:59","date_gmt":"2022-05-24T17:03:59","guid":{"rendered":"https:\/\/linitiative.ca\/International\/variole-du-singe-les-cas-suspects-au-maroc-ne-suscitent-aucune-inquietude\/"},"modified":"2022-05-24T13:03:59","modified_gmt":"2022-05-24T17:03:59","slug":"variole-du-singe-les-cas-suspects-au-maroc-ne-suscitent-aucune-inquietude","status":"publish","type":"post","link":"https:\/\/linitiative.ca\/International\/variole-du-singe-les-cas-suspects-au-maroc-ne-suscitent-aucune-inquietude\/","title":{"rendered":"Variole du singe: les cas suspects au Maroc \u00abne suscitent aucune inqui\u00e9tude\u00bb"},"content":{"rendered":"<div>\n<div style=\"margin-bottom:20px;\"><img loading=\"lazy\" decoding=\"async\" width=\"750\" height=\"430\" src=\"https:\/\/linitiative.ca\/International\/wp-content\/uploads\/sites\/23\/2022\/05\/Le-vice-prC3A9sident-de-la-fC3A9dC3A9ration-nationale-de-la-SantC3A9-Tayeb-Hamdi-750C397430-MAP.jpg\" class=\"attachment-post-thumbnail size-post-thumbnail wp-post-image\" alt=\"\" srcset=\"https:\/\/linitiative.ca\/International\/wp-content\/uploads\/sites\/23\/2022\/05\/Le-vice-prC3A9sident-de-la-fC3A9dC3A9ration-nationale-de-la-SantC3A9-Tayeb-Hamdi-750C397430-MAP.jpg 750w, https:\/\/www.mapoujda.ma\/map\/uploads\/2021\/06\/Le-vice-pr\u00e9sident-de-la-f\u00e9d\u00e9ration-nationale-de-la-Sant\u00e9-Tayeb-Hamdi-750\u00d7430-MAP-300x172.jpg 300w\" sizes=\"auto, (max-width: 750px) 100vw, 750px\"><\/div>\n<p style=\"text-align: justify;\">Les trois cas suspects de variole du singe enregistr\u00e9s au Maroc \u00ab\u00a0ne suscitent aucune inqui\u00e9tude\u00a0\u00bb, a assur\u00e9 mardi le chercheur en politiques et syst\u00e8mes de sant\u00e9, Dr Tayeb Himdi.<\/p>\n<p style=\"text-align: justify;\">Dans une d\u00e9claration \u00e0 la MAP, M. Himdi a \u00e9tabli trois niveaux de la maladie qui concernent les cas suspects, probables et confirm\u00e9s, soulignant que les cas suspects ne posent aucun probl\u00e8me, ni pour le Maroc, ni dans le monde.<\/p>\n<p style=\"text-align: justify;\">\u00ab\u00a0La variole du singe est une maladie connue depuis plus de 70 ans et de nombreuses donn\u00e9es sur les voies de sa transmission sont disponibles\u00a0\u00bb, a not\u00e9 le chercheur, expliquant que la maladie ne se transmet qu\u2019en cas d\u2019un contact \u00e9troit avec une personne infect\u00e9e, d\u2019\u00e9change de v\u00eatements ou d\u2019utilisation des m\u00eames draps et de la m\u00eame nourriture dans un espace commun.<\/p>\n<p style=\"text-align: justify;\">Par ailleurs, M. Himdi a estim\u00e9 que la d\u00e9tection de cas suspects au Maroc \u00ab\u00a0ne n\u00e9cessite pas d\u2019imposer des restrictions, de revenir sur l\u2019all\u00e9gement des mesures sanitaires et d\u2019interdire les vols et les voyages\u00a0\u00bb, appelant toutefois \u00e0 la prudence et \u00e0 la vigilance en d\u00e9pit des nombreuses donn\u00e9es disponibles au sujet de cette maladie.<\/p>\n<p style=\"text-align: justify;\">\u00c0 cet \u00e9gard, le chercheur a soulign\u00e9 que la question qui intrigue les scientifiques concerne les raisons derri\u00e8re la hausse du nombre de cas aujourd\u2019hui apr\u00e8s qu\u2019ils \u00e9taient limit\u00e9s en Afrique, surtout qu\u2019ils ne se transmettent que rarement par les voyages depuis le continent.<\/p>\n<p style=\"text-align: justify;\">Concernant les sympt\u00f4mes de la variole du singe, M. Himdi a expliqu\u00e9 qu\u2019il s\u2019agit de la fi\u00e8vre, de douleurs \u00e0 la t\u00eate, aux articulations et aux muscles et d\u2019une sensation de fatigue, ajoutant qu\u2019au bout de trois jours, des v\u00e9sicules et des l\u00e9sions cutan\u00e9s apparaissent, outre un gonflement des ganglions lymphatiques.<\/p>\n<p style=\"text-align: justify;\">Il a affirm\u00e9 que le minist\u00e8re de tutelle a adress\u00e9 une note aux m\u00e9decins concernant ces sympt\u00f4mes, soulignant l\u2019importance du respect des mesures de pr\u00e9vention telles que l\u2019hygi\u00e8ne des mains, la distanciation sociale et le non partage d\u2019objets personnels avec autrui.<\/p>\n<p style=\"text-align: justify;\">Le minist\u00e8re de la Sant\u00e9 et de la protection sociale avait annonc\u00e9 lundi que trois cas suspects de variole du singe ont \u00e9t\u00e9 enregistr\u00e9s au Maroc, mais aucun cas n\u2019a \u00e9t\u00e9 confirm\u00e9.<\/p>\n<p>L\u2019article <a rel=\"nofollow\" href=\"https:\/\/www.mapoujda.ma\/fr\/variole-du-singe-les-cas-suspects-au-maroc-ne-suscitent-aucune-inquietude\/\">Variole du singe: les cas suspects au Maroc \u00abne suscitent aucune inqui\u00e9tude\u00bb<\/a> est apparu en premier sur <a rel=\"nofollow\" href=\"https:\/\/www.mapoujda.ma\/fr\">MapOujda<\/a>.<\/p>\n<\/div>\n<p>Auteur: Soufiane ELAHMAR<br \/>\n<a href=\"https:\/\/www.mapoujda.ma\/fr\/variole-du-singe-les-cas-suspects-au-maroc-ne-suscitent-aucune-inquietude\/\">Cliquez ici pour lire l&rsquo;article depuis sa source.<\/a><\/p>\n","protected":false},"excerpt":{"rendered":"<p>Les trois cas suspects de variole du singe enregistr\u00e9s au Maroc \u00ab\u00a0ne suscitent aucune inqui\u00e9tude\u00a0\u00bb, a assur\u00e9 mardi le chercheur en politiques et syst\u00e8mes de sant\u00e9, Dr Tayeb Himdi. Dans une d\u00e9claration \u00e0 la MAP, M. Himdi a \u00e9tabli trois niveaux de la maladie qui concernent les cas suspects, probables et confirm\u00e9s, soulignant que les [&hellip;]<\/p>\n","protected":false},"author":1788,"featured_media":0,"comment_status":"closed","ping_status":"closed","sticky":false,"template":"","format":"standard","meta":{"fifu_image_url":"https:\/\/www.mapoujda.ma\/map\/uploads\/2021\/06\/Le-vice-pr\u00e9sident-de-la-f\u00e9d\u00e9ration-nationale-de-la-Sant\u00e9-Tayeb-Hamdi-750\u00d7430-MAP.jpg","fifu_image_alt":"Variole du singe: les cas suspects au Maroc \u00abne suscitent aucune inqui\u00e9tude\u00bb","footnotes":""},"categories":[54,76],"tags":[],"class_list":["post-148445","post","type-post","status-publish","format-standard","hentry","category-maroc","category-regions"],"_links":{"self":[{"href":"https:\/\/linitiative.ca\/International\/wp-json\/wp\/v2\/posts\/148445","targetHints":{"allow":["GET"]}}],"collection":[{"href":"https:\/\/linitiative.ca\/International\/wp-json\/wp\/v2\/posts"}],"about":[{"href":"https:\/\/linitiative.ca\/International\/wp-json\/wp\/v2\/types\/post"}],"author":[{"embeddable":true,"href":"https:\/\/linitiative.ca\/International\/wp-json\/wp\/v2\/users\/1788"}],"replies":[{"embeddable":true,"href":"https:\/\/linitiative.ca\/International\/wp-json\/wp\/v2\/comments?post=148445"}],"version-history":[{"count":0,"href":"https:\/\/linitiative.ca\/International\/wp-json\/wp\/v2\/posts\/148445\/revisions"}],"wp:attachment":[{"href":"https:\/\/linitiative.ca\/International\/wp-json\/wp\/v2\/media?parent=148445"}],"wp:term":[{"taxonomy":"category","embeddable":true,"href":"https:\/\/linitiative.ca\/International\/wp-json\/wp\/v2\/categories?post=148445"},{"taxonomy":"post_tag","embeddable":true,"href":"https:\/\/linitiative.ca\/International\/wp-json\/wp\/v2\/tags?post=148445"}],"curies":[{"name":"wp","href":"https:\/\/api.w.org\/{rel}","templated":true}]}}