{"id":148447,"date":"2022-05-24T09:36:24","date_gmt":"2022-05-24T13:36:24","guid":{"rendered":"https:\/\/linitiative.ca\/International\/ocp-rejoint-le-world-economic-forum\/"},"modified":"2022-05-24T09:36:24","modified_gmt":"2022-05-24T13:36:24","slug":"ocp-rejoint-le-world-economic-forum","status":"publish","type":"post","link":"https:\/\/linitiative.ca\/International\/ocp-rejoint-le-world-economic-forum\/","title":{"rendered":"OCP rejoint le World Economic Forum"},"content":{"rendered":"<div>\n<div class=\"field field-name-body field-type-text-with-summary field-label-hidden\">\n<div class=\"field-items\">\n<div class=\"field-item even\" property=\"content:encoded\">\n<p class=\"rtejustify\">Le Groupe OCP, leader dans le domaine de la nutrition des plantes et premier producteur mondial d&rsquo;engrais \u00e0 base de phosphate, a annonc\u00e9 avoir rejoint le World Economic Forum (WEF), organisation non-gouvernementale internationale, r\u00e9put\u00e9e pour sa conf\u00e9rence annuelle du Davos et se d\u00e9roulant actuellement en Suisse.<\/p>\n<\/div>\n<\/div>\n<\/div>\n<\/div>\n<p>Auteur: mbasraoui<br \/>\n<a href=\"https:\/\/www.leconomiste.com\/flash-infos\/ocp-rejoint-le-world-economic-forum\">Cliquez ici pour lire l&rsquo;article depuis sa source.<\/a><\/p>\n","protected":false},"excerpt":{"rendered":"<p>Le Groupe OCP, leader dans le domaine de la nutrition des plantes et premier producteur mondial d&rsquo;engrais \u00e0 base de phosphate, a annonc\u00e9 avoir rejoint le World Economic Forum (WEF), organisation non-gouvernementale internationale, r\u00e9put\u00e9e pour sa conf\u00e9rence annuelle du Davos et se d\u00e9roulant actuellement en Suisse. Auteur: mbasraoui Cliquez ici pour lire l&rsquo;article depuis sa [&hellip;]<\/p>\n","protected":false},"author":1763,"featured_media":0,"comment_status":"closed","ping_status":"closed","sticky":false,"template":"","format":"standard","meta":{"fifu_image_url":"","fifu_image_alt":"","footnotes":""},"categories":[78,54],"tags":[],"class_list":["post-148447","post","type-post","status-publish","format-standard","hentry","category-economie","category-maroc"],"_links":{"self":[{"href":"https:\/\/linitiative.ca\/International\/wp-json\/wp\/v2\/posts\/148447","targetHints":{"allow":["GET"]}}],"collection":[{"href":"https:\/\/linitiative.ca\/International\/wp-json\/wp\/v2\/posts"}],"about":[{"href":"https:\/\/linitiative.ca\/International\/wp-json\/wp\/v2\/types\/post"}],"author":[{"embeddable":true,"href":"https:\/\/linitiative.ca\/International\/wp-json\/wp\/v2\/users\/1763"}],"replies":[{"embeddable":true,"href":"https:\/\/linitiative.ca\/International\/wp-json\/wp\/v2\/comments?post=148447"}],"version-history":[{"count":0,"href":"https:\/\/linitiative.ca\/International\/wp-json\/wp\/v2\/posts\/148447\/revisions"}],"wp:attachment":[{"href":"https:\/\/linitiative.ca\/International\/wp-json\/wp\/v2\/media?parent=148447"}],"wp:term":[{"taxonomy":"category","embeddable":true,"href":"https:\/\/linitiative.ca\/International\/wp-json\/wp\/v2\/categories?post=148447"},{"taxonomy":"post_tag","embeddable":true,"href":"https:\/\/linitiative.ca\/International\/wp-json\/wp\/v2\/tags?post=148447"}],"curies":[{"name":"wp","href":"https:\/\/api.w.org\/{rel}","templated":true}]}}