{"id":148467,"date":"2022-05-24T10:00:20","date_gmt":"2022-05-24T14:00:20","guid":{"rendered":"https:\/\/linitiative.ca\/International\/le-groupe-ocp-rejoint-le-world-economic-forum\/"},"modified":"2022-05-24T10:00:20","modified_gmt":"2022-05-24T14:00:20","slug":"le-groupe-ocp-rejoint-le-world-economic-forum","status":"publish","type":"post","link":"https:\/\/linitiative.ca\/International\/le-groupe-ocp-rejoint-le-world-economic-forum\/","title":{"rendered":"Le Groupe OCP rejoint le World Economic Forum"},"content":{"rendered":"<div><img decoding=\"async\" width=\"650\" height=\"432\" src=\"https:\/\/linitiative.ca\/International\/wp-content\/uploads\/sites\/23\/2022\/05\/ocp-casablanca.jpg\" class=\"attachment-post-thumbnail size-post-thumbnail wp-post-image\" alt=\"\" loading=\"lazy\" srcset=\"https:\/\/linitiative.ca\/International\/wp-content\/uploads\/sites\/23\/2022\/05\/ocp-casablanca.jpg 650w, https:\/\/www.challenge.ma\/wp-content\/uploads\/2019\/03\/ocp-casablanca-300x199.jpg 300w, https:\/\/www.challenge.ma\/wp-content\/uploads\/2019\/03\/ocp-casablanca-360x239.jpg 360w\" sizes=\"auto, (max-width: 650px) 100vw, 650px\" itemprop=\"image\">Le Groupe OCP, leader dans le domaine de la nutrition des plantes et premier producteur mondial d\u2019engrais \u00e0 base de phosphate, a annonc\u00e9 avoir rejoint le World Economic Forum (WEF), organisation non-gouvernementale internationale, r\u00e9put\u00e9e pour sa conf\u00e9rence annuelle du Davos et se d\u00e9roulant actuellement en Suisse. Ainsi, l\u2019OCP renforce sa<\/div>\n<p>Auteur: Mehdi Ouazzani<br \/>\n<a href=\"https:\/\/www.challenge.ma\/le-groupe-ocp-rejoint-le-world-economic-forum-239309\/\">Cliquez ici pour lire l&rsquo;article depuis sa source.<\/a><\/p>\n","protected":false},"excerpt":{"rendered":"<p>Le Groupe OCP, leader dans le domaine de la nutrition des plantes et premier producteur mondial d\u2019engrais \u00e0 base de phosphate, a annonc\u00e9 avoir rejoint le World Economic Forum (WEF), organisation non-gouvernementale internationale, r\u00e9put\u00e9e pour sa conf\u00e9rence annuelle du Davos et se d\u00e9roulant actuellement en Suisse. Ainsi, l\u2019OCP renforce sa Auteur: Mehdi Ouazzani Cliquez ici [&hellip;]<\/p>\n","protected":false},"author":1787,"featured_media":0,"comment_status":"closed","ping_status":"closed","sticky":false,"template":"","format":"standard","meta":{"fifu_image_url":"https:\/\/www.challenge.ma\/wp-content\/uploads\/2019\/03\/ocp-casablanca.jpg","fifu_image_alt":"Le Groupe OCP rejoint le World Economic Forum","footnotes":""},"categories":[78,54],"tags":[],"class_list":["post-148467","post","type-post","status-publish","format-standard","hentry","category-economie","category-maroc"],"_links":{"self":[{"href":"https:\/\/linitiative.ca\/International\/wp-json\/wp\/v2\/posts\/148467","targetHints":{"allow":["GET"]}}],"collection":[{"href":"https:\/\/linitiative.ca\/International\/wp-json\/wp\/v2\/posts"}],"about":[{"href":"https:\/\/linitiative.ca\/International\/wp-json\/wp\/v2\/types\/post"}],"author":[{"embeddable":true,"href":"https:\/\/linitiative.ca\/International\/wp-json\/wp\/v2\/users\/1787"}],"replies":[{"embeddable":true,"href":"https:\/\/linitiative.ca\/International\/wp-json\/wp\/v2\/comments?post=148467"}],"version-history":[{"count":0,"href":"https:\/\/linitiative.ca\/International\/wp-json\/wp\/v2\/posts\/148467\/revisions"}],"wp:attachment":[{"href":"https:\/\/linitiative.ca\/International\/wp-json\/wp\/v2\/media?parent=148467"}],"wp:term":[{"taxonomy":"category","embeddable":true,"href":"https:\/\/linitiative.ca\/International\/wp-json\/wp\/v2\/categories?post=148467"},{"taxonomy":"post_tag","embeddable":true,"href":"https:\/\/linitiative.ca\/International\/wp-json\/wp\/v2\/tags?post=148467"}],"curies":[{"name":"wp","href":"https:\/\/api.w.org\/{rel}","templated":true}]}}