{"id":148482,"date":"2022-05-24T15:51:35","date_gmt":"2022-05-24T19:51:35","guid":{"rendered":"https:\/\/linitiative.ca\/International\/assemblees-generales-de-la-bad-et-quid-de-la-securite\/"},"modified":"2022-05-24T15:51:35","modified_gmt":"2022-05-24T19:51:35","slug":"assemblees-generales-de-la-bad-et-quid-de-la-securite","status":"publish","type":"post","link":"https:\/\/linitiative.ca\/International\/assemblees-generales-de-la-bad-et-quid-de-la-securite\/","title":{"rendered":"ASSEMBLEES GENERALES DE LA BAD  \u00a0: Et quid de la s\u00e9curit\u00e9\u00a0?"},"content":{"rendered":"<div>\n<p><img decoding=\"async\" width=\"275\" height=\"183\" src=\"https:\/\/linitiative.ca\/International\/wp-content\/uploads\/sites\/23\/2022\/05\/BAD.jpg\" class=\"attachment- size- wp-post-image\" alt=\"\" loading=\"lazy\" style=\"float:left; margin:0 15px 15px 0;\" srcset=\"https:\/\/linitiative.ca\/International\/wp-content\/uploads\/sites\/23\/2022\/05\/BAD.jpg 275w, https:\/\/lepays.bf\/wp-content\/uploads\/2022\/05\/BAD-150x100.jpg 150w, https:\/\/lepays.bf\/wp-content\/uploads\/2022\/05\/BAD-128x86.jpg 128w\" sizes=\"auto, (max-width: 275px) 100vw, 275px\">Il s\u2019est ouvert, le 24 mai dernier, dans la capitale ghan\u00e9enne, les Assembl\u00e9es annuelles de la Banque africaine de d\u00e9veloppement (BAD). Cet \u00e9v\u00e8nement majeur dans la vie de cette importante institution financi\u00e8re au c\u0153ur du d\u00e9veloppement en Afrique, draine au pays de Kwame N\u2019Krumah, quelque [\u2026]<\/p>\n<p>L\u2019article <a rel=\"nofollow\" href=\"https:\/\/lepays.bf\/assemblees-generales-de-la-bad-et-quid-de-la-securite\/\">ASSEMBLEES GENERALES DE LA BAD  \u00a0: Et quid de la s\u00e9curit\u00e9\u00a0?<\/a> est apparu en premier sur <a rel=\"nofollow\" href=\"https:\/\/lepays.bf\/\">Editions Le Pays<\/a>.<\/p>\n<\/div>\n<p>Auteur: Editions LEPAYS<br \/>\n<a href=\"https:\/\/lepays.bf\/assemblees-generales-de-la-bad-et-quid-de-la-securite\/\">Cliquez ici pour lire l&rsquo;article depuis sa source.<\/a><\/p>\n","protected":false},"excerpt":{"rendered":"<p>Il s\u2019est ouvert, le 24 mai dernier, dans la capitale ghan\u00e9enne, les Assembl\u00e9es annuelles de la Banque africaine de d\u00e9veloppement (BAD). Cet \u00e9v\u00e8nement majeur dans la vie de cette importante institution financi\u00e8re au c\u0153ur du d\u00e9veloppement en Afrique, draine au pays de Kwame N\u2019Krumah, quelque [\u2026] L\u2019article ASSEMBLEES GENERALES DE LA BAD \u00a0: Et quid [&hellip;]<\/p>\n","protected":false},"author":1813,"featured_media":0,"comment_status":"closed","ping_status":"closed","sticky":false,"template":"","format":"standard","meta":{"fifu_image_url":"https:\/\/lepays.bf\/wp-content\/uploads\/2022\/05\/BAD.jpg","fifu_image_alt":"ASSEMBLEES GENERALES DE LA BAD  \u00a0: Et quid de la s\u00e9curit\u00e9\u00a0?","footnotes":""},"categories":[73,81],"tags":[],"class_list":["post-148482","post","type-post","status-publish","format-standard","hentry","category-actualite","category-burkina-faso"],"_links":{"self":[{"href":"https:\/\/linitiative.ca\/International\/wp-json\/wp\/v2\/posts\/148482","targetHints":{"allow":["GET"]}}],"collection":[{"href":"https:\/\/linitiative.ca\/International\/wp-json\/wp\/v2\/posts"}],"about":[{"href":"https:\/\/linitiative.ca\/International\/wp-json\/wp\/v2\/types\/post"}],"author":[{"embeddable":true,"href":"https:\/\/linitiative.ca\/International\/wp-json\/wp\/v2\/users\/1813"}],"replies":[{"embeddable":true,"href":"https:\/\/linitiative.ca\/International\/wp-json\/wp\/v2\/comments?post=148482"}],"version-history":[{"count":0,"href":"https:\/\/linitiative.ca\/International\/wp-json\/wp\/v2\/posts\/148482\/revisions"}],"wp:attachment":[{"href":"https:\/\/linitiative.ca\/International\/wp-json\/wp\/v2\/media?parent=148482"}],"wp:term":[{"taxonomy":"category","embeddable":true,"href":"https:\/\/linitiative.ca\/International\/wp-json\/wp\/v2\/categories?post=148482"},{"taxonomy":"post_tag","embeddable":true,"href":"https:\/\/linitiative.ca\/International\/wp-json\/wp\/v2\/tags?post=148482"}],"curies":[{"name":"wp","href":"https:\/\/api.w.org\/{rel}","templated":true}]}}