{"id":148490,"date":"2022-05-24T17:22:06","date_gmt":"2022-05-24T21:22:06","guid":{"rendered":"https:\/\/linitiative.ca\/International\/les-editions-sidwaya-la-nouvelle-directrice-generale-assetou-badoh-installee\/"},"modified":"2022-05-24T17:22:06","modified_gmt":"2022-05-24T21:22:06","slug":"les-editions-sidwaya-la-nouvelle-directrice-generale-assetou-badoh-installee","status":"publish","type":"post","link":"https:\/\/linitiative.ca\/International\/les-editions-sidwaya-la-nouvelle-directrice-generale-assetou-badoh-installee\/","title":{"rendered":"Les Editions Sidwaya  : la nouvelle directrice g\u00e9n\u00e9rale,  Ass\u00e9tou Badoh, install\u00e9e"},"content":{"rendered":"<div>\n<p><strong>La passation de service entre le directeur g\u00e9n\u00e9ral des Editions Sidwaya sortant, Mahamadi Ti\u00e9gna et celle entrante, Ass\u00e9tou Badoh, a \u00e9t\u00e9 act\u00e9e, le mardi 24 mai 2022, au si\u00e8ge des Editions Sidwaya \u00e0 Ouagadougou. <\/strong><\/p>\n<figure id=\"attachment_49910\" aria-describedby=\"caption-attachment-49910\" style=\"width: 300px\" class=\"wp-caption alignleft\"><img decoding=\"async\" data-attachment-id=\"49910\" data-permalink=\"https:\/\/www.sidwaya.info\/blog\/2022\/05\/24\/les-editions-sidwaya-la-nouvelle-directrice-generale-assetou-badoh-installee\/2-761\/\" data-orig-file=\"https:\/\/www.sidwaya.info\/wp-content\/uploads\/2022\/05\/2-36.jpg\" data-orig-size=\"595,397\" data-comments-opened=\"1\" data-image-meta='{\"aperture\":\"0\",\"credit\":\"\",\"camera\":\"\",\"caption\":\"\",\"created_timestamp\":\"0\",\"copyright\":\"\",\"focal_length\":\"0\",\"iso\":\"0\",\"shutter_speed\":\"0\",\"title\":\"\",\"orientation\":\"1\"}' data-image-title=\"2\" data-image-description=\"\" data-image-caption=\"\" data-medium-file=\"https:\/\/linitiative.ca\/International\/wp-content\/uploads\/sites\/23\/2022\/05\/2-36-300x200-1.jpg\" data-large-file=\"https:\/\/www.sidwaya.info\/wp-content\/uploads\/2022\/05\/2-36.jpg\" loading=\"lazy\" class=\"wp-image-49910 size-medium\" src=\"https:\/\/linitiative.ca\/International\/wp-content\/uploads\/sites\/23\/2022\/05\/2-36-300x200-1.jpg\" alt=\"\" width=\"300\" height=\"200\" srcset=\"https:\/\/linitiative.ca\/International\/wp-content\/uploads\/sites\/23\/2022\/05\/2-36-300x200-1.jpg 300w, https:\/\/www.sidwaya.info\/wp-content\/uploads\/2022\/05\/2-36-150x100.jpg 150w, https:\/\/www.sidwaya.info\/wp-content\/uploads\/2022\/05\/2-36.jpg 595w\" sizes=\"auto, (max-width: 300px) 100vw, 300px\"><figcaption id=\"caption-attachment-49910\" class=\"wp-caption-text\">Ils \u00e9taient pr\u00e9sents, parents, amis, collaborateurs\u2026pour t\u00e9moigner leurs amiti\u00e9s aux DG entrante et sortant.<\/figcaption><\/figure>\n<p>\u00ab\u00a0Madame Badoh\/Guir\u00e9 Ass\u00e9tou, matricule 49\u00a0890 G, vous avez \u00e9t\u00e9 nomm\u00e9e directrice g\u00e9n\u00e9rale de l\u2019\u00e9tablissement les Editions Sidwaya en conseil des ministres du 18 mai 2022. Au nom de madame la ministre de la Communication, de la Culture, des Arts et du Tourisme, je vous installe dans vos fonctions de directrice g\u00e9n\u00e9rale de l\u2019\u00e9tablissement les Editions Sidwaya avec toutes mes f\u00e9licitations\u00a0\u00bb. C\u2019est par cette formule que le secr\u00e9taire g\u00e9n\u00e9ral du minist\u00e8re de la Communication, de la Culture, des Arts et du Tourisme, Victorien Aymar Sawadogo, a install\u00e9 la nouvelle directrice g\u00e9n\u00e9rale des Editions Sidwaya, Ass\u00e9tou Badoh, le mardi 24 mai 2022 dans l\u2019enceinte de la \u00ab\u00a0Maison commune\u00bb.<\/p>\n<p>Premi\u00e8re dame \u00e0 ce poste, Mme Badoh a dit mesurer la lourdeur de la t\u00e2che \u00e0 elle confi\u00e9e mais, \u00ab\u00a0je sais compter sur le sens de la disponibilit\u00e9 et de l\u2019abn\u00e9gation de l\u2019\u00e9quipe sortante pour m\u2019accompagner\u00a0\u00bb. A son pr\u00e9d\u00e9cesseur, Mahamadi Ti\u00e9gna, elle l\u2019a remerci\u00e9 pour le travail abattu et les r\u00e9sultats obtenus. Avant de le rassurer que les grands chantiers entam\u00e9s sous son leadership au profit de l\u2019entreprise et du personnel vont se poursuivre. Cependant, elle a sollicit\u00e9 son appui afin de r\u00e9ussir sa mission. Quant aux travailleurs et partenaires sociaux, la nouvelle directrice g\u00e9n\u00e9rale les a invit\u00e9s \u00e0 se donner la main pour relever les d\u00e9fis qui se posent \u00e0 la \u00ab\u00a0Maison commune\u00a0\u00bb. Pour sa part, le Directeur g\u00e9n\u00e9ral (DG) sortant, Mahamadi Ti\u00e9gna, a fait une br\u00e8ve r\u00e9trospective de ses quatre ans pass\u00e9s \u00e0 la t\u00eate des Editions Sidwaya. Il a confi\u00e9 qu\u2019avec son installation, le 2 mars 2018, sous le cr\u00e9pitement des balles terroristes \u00e0 la suite de l\u2019attaque de l\u2019ambassade de France et de l\u2019Etat-major g\u00e9n\u00e9ral des arm\u00e9es, les d\u00e9fis \u00e0 relever se pr\u00e9sentaient avec acuit\u00e9. Il s\u2019agissait, entre autres, selon lui, de r\u00e9gulariser la parution du quotidien Sidwaya, r\u00e9habiliter l\u2019Agence d\u2019information du Burkina (AIB), poursuivre le projet de d\u00e9concentration des services et renforcer la maturation du projet du si\u00e8ge de Sidwaya \u00e0 Ouagadougou.<\/p>\n<h2><strong>Des projets qui avancent<\/strong><\/h2>\n<p>Et au moment o\u00f9 il passe le t\u00e9moin \u00e0 son successeur, c\u2019est un DG sortant, fier des acquis engrang\u00e9s, qui a expos\u00e9 ses r\u00e9sultats. Il a cit\u00e9 en exemple, la construction des si\u00e8ges des services r\u00e9gionaux de Dori, Koup\u00e8la, Banfora, Tenkodogo et de Ziniar\u00e9. Mais aussi, l\u2019acquisition et l\u2019installation d\u2019\u00e9quipements de production au profit des imprimeries de Dori et de Tenkodogo. Quant au vieux r\u00eave caress\u00e9 par l\u2019ensemble de ses pr\u00e9d\u00e9cesseurs de pouvoir tirer le journal Sidwaya \u00e0 Bobo-Dioulasso, l\u2019ex-DG a affirm\u00e9 que ce r\u00eave est en passe de se r\u00e9aliser. \u00ab\u00a0 Les \u00e9quipements devant permettre \u00e0 cette imprimerie de prendre corps sont en cours d\u2019acheminement\u00a0\u00bb, a-t-il laiss\u00e9 entendre.<\/p>\n<figure id=\"attachment_49911\" aria-describedby=\"caption-attachment-49911\" style=\"width: 300px\" class=\"wp-caption alignright\"><img decoding=\"async\" data-attachment-id=\"49911\" data-permalink=\"https:\/\/www.sidwaya.info\/blog\/2022\/05\/24\/les-editions-sidwaya-la-nouvelle-directrice-generale-assetou-badoh-installee\/3-327\/\" data-orig-file=\"https:\/\/www.sidwaya.info\/wp-content\/uploads\/2022\/05\/3-21.jpg\" data-orig-size=\"595,396\" data-comments-opened=\"1\" data-image-meta='{\"aperture\":\"0\",\"credit\":\"\",\"camera\":\"\",\"caption\":\"\",\"created_timestamp\":\"0\",\"copyright\":\"\",\"focal_length\":\"0\",\"iso\":\"0\",\"shutter_speed\":\"0\",\"title\":\"\",\"orientation\":\"1\"}' data-image-title=\"3\" data-image-description=\"\" data-image-caption=\"\" data-medium-file=\"https:\/\/linitiative.ca\/International\/wp-content\/uploads\/sites\/23\/2022\/05\/3-21-300x200-1.jpg\" data-large-file=\"https:\/\/www.sidwaya.info\/wp-content\/uploads\/2022\/05\/3-21.jpg\" loading=\"lazy\" class=\"wp-image-49911 size-medium\" src=\"https:\/\/linitiative.ca\/International\/wp-content\/uploads\/sites\/23\/2022\/05\/3-21-300x200-1.jpg\" alt=\"\" width=\"300\" height=\"200\" srcset=\"https:\/\/linitiative.ca\/International\/wp-content\/uploads\/sites\/23\/2022\/05\/3-21-300x200-1.jpg 300w, https:\/\/www.sidwaya.info\/wp-content\/uploads\/2022\/05\/3-21-150x100.jpg 150w, https:\/\/www.sidwaya.info\/wp-content\/uploads\/2022\/05\/3-21.jpg 595w\" sizes=\"auto, (max-width: 300px) 100vw, 300px\"><figcaption id=\"caption-attachment-49911\" class=\"wp-caption-text\">Les diff\u00e9rents directeurs ont \u00e9galement apport\u00e9 leur soutien aux deux DG.<\/figcaption><\/figure>\n<p>A propos de la construction du si\u00e8ge des Editions Sidwaya, Mahamadi Ti\u00e9gna a pr\u00e9cis\u00e9 que le projet a connu une avanc\u00e9e significative avec l\u2019acquisition, sur recettes propres, d\u2019un terrain de plus de 10 mille m2, l\u2019actualisation des \u00e9tudes architecturales, la r\u00e9alisation des \u00e9tudes techniques et des avant-projets d\u00e9taill\u00e9s et la d\u00e9signation d\u2019un partenaire priv\u00e9 \u00e0 la suite d\u2019un avis \u00e0 manifestation d\u2019int\u00e9r\u00eat. L\u2019une des priorit\u00e9s de la \u00ab\u00a0Maison commune\u00a0\u00bb est l\u2019acquisition d\u2019une rotative pour accroitre sa productivit\u00e9. L\u00e0 \u00e9galement, M. Ti\u00e9gna a affirm\u00e9 que les pour-parlers entam\u00e9s avec le groupe Eco-media du Maroc sont \u00e0 un stade avanc\u00e9. Conscient que seul le travail d\u2019\u00e9quipe permettra d\u2019atteindre les objectifs escompt\u00e9s, l\u2019ex- DG a invit\u00e9 l\u2019ensemble du personnel, les partenaires sociaux, les correspondants provinciaux, les chefs de services r\u00e9gionaux \u00e0 pr\u00eater main forte \u00e0 la nouvelle directrice g\u00e9n\u00e9rale comme ils l\u2019ont toujours fait avec lui. Le secr\u00e9taire g\u00e9n\u00e9ral du minist\u00e8re en charge de la communication, Victorien Aymar Sawadogo, a mis \u00e0 profit ce moment pour exhorter les journalistes des r\u00e9dactions de Sidwaya \u00e0 garder le cap en mati\u00e8re de professionnalisme dans leurs contenus. Avant de prendre les r\u00eanes des Editions Sidwaya, la directrice entrante a \u00e9t\u00e9 journaliste \u00e0 la r\u00e9daction du quotidien Sidwaya, chef du desk soci\u00e9t\u00e9, r\u00e9dactrice en chef adjointe et directrice commerciale.<\/p>\n<p style=\"text-align: right\"><strong>Donald Wendpouir\u00e9 NIKIEMA <\/strong><\/p>\n<p style=\"text-align: right\"><strong>tousunis.do@gmail.com <\/strong><\/p>\n<\/div>\n<p>Auteur: JK. Sidwaya<br \/>\n<a href=\"https:\/\/www.sidwaya.info\/blog\/2022\/05\/24\/les-editions-sidwaya-la-nouvelle-directrice-generale-assetou-badoh-installee\/\">Cliquez ici pour lire l&rsquo;article depuis sa source.<\/a><\/p>\n","protected":false},"excerpt":{"rendered":"<p>La passation de service entre le directeur g\u00e9n\u00e9ral des Editions Sidwaya sortant, Mahamadi Ti\u00e9gna et celle entrante, Ass\u00e9tou Badoh, a \u00e9t\u00e9 act\u00e9e, le mardi 24 mai 2022, au si\u00e8ge des Editions Sidwaya \u00e0 Ouagadougou. Ils \u00e9taient pr\u00e9sents, parents, amis, collaborateurs\u2026pour t\u00e9moigner leurs amiti\u00e9s aux DG entrante et sortant. \u00ab\u00a0Madame Badoh\/Guir\u00e9 Ass\u00e9tou, matricule 49\u00a0890 G, vous [&hellip;]<\/p>\n","protected":false},"author":1816,"featured_media":0,"comment_status":"closed","ping_status":"closed","sticky":false,"template":"","format":"standard","meta":{"fifu_image_url":"https:\/\/www.sidwaya.info\/wp-content\/uploads\/2022\/05\/2-36-300x200.jpg","fifu_image_alt":"Les Editions Sidwaya  : la nouvelle directrice g\u00e9n\u00e9rale,  Ass\u00e9tou Badoh, install\u00e9e","footnotes":""},"categories":[73,81],"tags":[],"class_list":["post-148490","post","type-post","status-publish","format-standard","hentry","category-actualite","category-burkina-faso"],"_links":{"self":[{"href":"https:\/\/linitiative.ca\/International\/wp-json\/wp\/v2\/posts\/148490","targetHints":{"allow":["GET"]}}],"collection":[{"href":"https:\/\/linitiative.ca\/International\/wp-json\/wp\/v2\/posts"}],"about":[{"href":"https:\/\/linitiative.ca\/International\/wp-json\/wp\/v2\/types\/post"}],"author":[{"embeddable":true,"href":"https:\/\/linitiative.ca\/International\/wp-json\/wp\/v2\/users\/1816"}],"replies":[{"embeddable":true,"href":"https:\/\/linitiative.ca\/International\/wp-json\/wp\/v2\/comments?post=148490"}],"version-history":[{"count":0,"href":"https:\/\/linitiative.ca\/International\/wp-json\/wp\/v2\/posts\/148490\/revisions"}],"wp:attachment":[{"href":"https:\/\/linitiative.ca\/International\/wp-json\/wp\/v2\/media?parent=148490"}],"wp:term":[{"taxonomy":"category","embeddable":true,"href":"https:\/\/linitiative.ca\/International\/wp-json\/wp\/v2\/categories?post=148490"},{"taxonomy":"post_tag","embeddable":true,"href":"https:\/\/linitiative.ca\/International\/wp-json\/wp\/v2\/tags?post=148490"}],"curies":[{"name":"wp","href":"https:\/\/api.w.org\/{rel}","templated":true}]}}