{"id":148493,"date":"2022-05-24T17:33:19","date_gmt":"2022-05-24T21:33:19","guid":{"rendered":"https:\/\/linitiative.ca\/International\/securite-alimentaire-lafrique-veut-miser-sur-lagro-ecologie\/"},"modified":"2022-05-24T17:33:19","modified_gmt":"2022-05-24T21:33:19","slug":"securite-alimentaire-lafrique-veut-miser-sur-lagro-ecologie","status":"publish","type":"post","link":"https:\/\/linitiative.ca\/International\/securite-alimentaire-lafrique-veut-miser-sur-lagro-ecologie\/","title":{"rendered":"S\u00e9curit\u00e9 alimentaire : l\u2019Afrique veut miser  sur l\u2019agro-\u00e9cologie"},"content":{"rendered":"<div>\n<p><strong>L\u2019Alliance pour la souverainet\u00e9 alimentaire en Afrique ou Alliance for food souvereignty in Africa (AFSA) organise une conf\u00e9rence en ligne et en pr\u00e9sentiel sur l\u2019entrepreneuriat agro-\u00e9cologique et les march\u00e9s territoriaux africains sur le th\u00e8me : \u00ab Faire progresser les entreprises agro-\u00e9cologiques pour des \u00e9conomies alimentaires locales saines \u00bb, du 24 au 26 mai 2022, \u00e0 Kampala, en Ouganda. L\u2019ouverture de la conf\u00e9rence est intervenue ce 24 mai dans la capitale ougandaise en pr\u00e9sence du vice-Premier ministre d\u2019Ouganda, Rt. Hon. Rebecca Alitwala Kadaga. <\/strong><\/p>\n<figure id=\"attachment_49916\" aria-describedby=\"caption-attachment-49916\" style=\"width: 300px\" class=\"wp-caption alignleft\"><img decoding=\"async\" data-attachment-id=\"49916\" data-permalink=\"https:\/\/www.sidwaya.info\/blog\/2022\/05\/24\/securite-alimentaire-lafrique-veut-miser-sur-lagro-ecologie\/2-763\/\" data-orig-file=\"https:\/\/www.sidwaya.info\/wp-content\/uploads\/2022\/05\/2-38.jpg\" data-orig-size=\"595,446\" data-comments-opened=\"1\" data-image-meta='{\"aperture\":\"0\",\"credit\":\"\",\"camera\":\"\",\"caption\":\"\",\"created_timestamp\":\"0\",\"copyright\":\"\",\"focal_length\":\"0\",\"iso\":\"0\",\"shutter_speed\":\"0\",\"title\":\"\",\"orientation\":\"1\"}' data-image-title=\"2\" data-image-description=\"\" data-image-caption=\"\" data-medium-file=\"https:\/\/linitiative.ca\/International\/wp-content\/uploads\/sites\/23\/2022\/05\/2-38-300x225-1.jpg\" data-large-file=\"https:\/\/www.sidwaya.info\/wp-content\/uploads\/2022\/05\/2-38.jpg\" loading=\"lazy\" class=\"wp-image-49916 size-medium\" src=\"https:\/\/linitiative.ca\/International\/wp-content\/uploads\/sites\/23\/2022\/05\/2-38-300x225-1.jpg\" alt=\"\" width=\"300\" height=\"225\" srcset=\"https:\/\/linitiative.ca\/International\/wp-content\/uploads\/sites\/23\/2022\/05\/2-38-300x225-1.jpg 300w, https:\/\/www.sidwaya.info\/wp-content\/uploads\/2022\/05\/2-38-150x112.jpg 150w, https:\/\/www.sidwaya.info\/wp-content\/uploads\/2022\/05\/2-38-560x420.jpg 560w, https:\/\/www.sidwaya.info\/wp-content\/uploads\/2022\/05\/2-38-80x60.jpg 80w, https:\/\/www.sidwaya.info\/wp-content\/uploads\/2022\/05\/2-38-265x198.jpg 265w, https:\/\/www.sidwaya.info\/wp-content\/uploads\/2022\/05\/2-38.jpg 595w\" sizes=\"auto, (max-width: 300px) 100vw, 300px\"><figcaption id=\"caption-attachment-49916\" class=\"wp-caption-text\">Selon le coordinateur g\u00e9n\u00e9ral de l\u2019AFSA, Dr Million Belay, l\u2019entrepreneuriat agro-\u00e9cologique cr\u00e9e de la valeur pour l\u2019entrepreneur.<\/figcaption><\/figure>\n<p>L\u2019Alliance pour la souverainet\u00e9 alimentaire en Afrique ou Alliance for food souvereignty in Africa (AFSA) reste convaincue que la mise en place des syst\u00e8mes alimentaires durables et r\u00e9silients en Afrique passe par l\u2019agro-\u00e9cologie. Dans cette logique, elle organise une conf\u00e9rence en ligne et en pr\u00e9sentiel sur l\u2019entrepreneuriat agro-\u00e9cologique et les march\u00e9s territoriaux africains sur le th\u00e8me : \u00ab Faire progresser les entreprises agro-\u00e9cologiques pour des \u00e9conomies alimentaires locales saines \u00bb, du 24 au 26 mai 2022, \u00e0 Kampala, en Ouganda. Environ 180 personnes en pr\u00e9sentiel et 500 en virtuel prennent part \u00e0 cette rencontre continentale. Elles sont issues des petits exploitants, des entrepreneurs agro-\u00e9cologiques, des secteurs priv\u00e9 et public, des partenaires au d\u00e9veloppement, du monde des m\u00e9dias, des leaders du march\u00e9 et des vendeurs, des organisations de la soci\u00e9t\u00e9 civile, des groupes de consommateurs, des organisations de femmes, des prestataires de services, des chercheurs universitaires, d\u2019une trentaine de pays. Premier du genre, cette r\u00e9union vise \u00e0 construire une vision partag\u00e9e pour la croissance des entrepreneurs agro-\u00e9cologiques africains et des march\u00e9s territoriaux centr\u00e9s sur un d\u00e9veloppement \u00e9quitable et durable pour des syst\u00e8mes alimentaires africains sains. Selon le pr\u00e9sident du Conseil d\u2019administration de l\u2019AFSA, Dr Chris Macoloo, cette conf\u00e9rence se veut un cadre pour r\u00e9fl\u00e9chir aux obstacles \u00e0 la transition vers l\u2019agro-\u00e9cologie en Afrique et les moyens de les surmonter. Elle constitue \u00e9galement une opportunit\u00e9 pour se pencher sur les march\u00e9s alimentaires africains, ceux qui les contr\u00f4lent et marginalisent l\u2019Afrique. Pour le coordonnateur g\u00e9n\u00e9ral de l\u2019AFSA, Dr Million Belay, l\u2019agro-\u00e9cologie est \u00e0 la fois une science, une pratique, un mouvement social. Elle est n\u00e9cessaire pour b\u00e2tir des syst\u00e8mes de production durables adapt\u00e9s au continent Afrique.<\/p>\n<h2><strong>Politiques alimentaires : int\u00e9grer l\u2019agro-\u00e9cologie<\/strong><\/h2>\n<p>C\u2019est pourquoi, a-t-il insist\u00e9, l\u2019AFSA milite pour l\u2019int\u00e9gration d\u2019approche agro-\u00e9cologique dans les politiques alimentaires et de lutte contre le changement climatique sur le continent africain. Dr Million Belay a indiqu\u00e9 que l\u2019entrepreneuriat agro-\u00e9cologique est une strat\u00e9gie commerciale radicale qui apporte de la valeur non seulement \u00e0 l\u2019entrepreneur, mais surtout \u00e0 la soci\u00e9t\u00e9, \u00e0 l\u2019environnement. Les crises internationales ont montr\u00e9 que les march\u00e9s territoriaux restent la meilleure alternative pour raccourcir les chaines d\u2019approvisionnement, pour rapprocher producteurs et consommateurs, a-t-il insist\u00e9. C\u2019est pourquoi, il a appel\u00e9 les pouvoirs et leurs partenaires \u00e0 soutenir ces march\u00e9s locaux, les petits exploitants, \u00e0 plus de financements de l\u2019agro-\u00e9cologie en Afrique. Dans la m\u00eame veine, le vice-Premier ministre de l\u2019Ouganda, Rt. Hon. Rebecca Alitwala Kadaga, a soulign\u00e9 la n\u00e9cessit\u00e9 de r\u00e9aliser des investissements dans les infrastructures pour faciliter l\u2019acc\u00e8s aux march\u00e9s territoriaux africains.<\/p>\n<p>Tout en saluant les efforts consentis par l\u2019AFSA pour la promotion de l\u2019agro-\u00e9cologie en Afrique, elle s\u2019est r\u00e9jouie de voir son pays abriter ces assises africaines. Avant d\u2019ouvrir officiellement cette rencontre, le vice-Premier ministre ougandais a invit\u00e9 les participants \u00e0 des d\u00e9lib\u00e9rations fructueuses. Au cours des trois jours d\u2019activit\u00e9s, quatre th\u00e9matiques vont \u00eatre abord\u00e9es par les participants. Il s\u2019agit des m\u00e9canismes de d\u00e9veloppement des march\u00e9s territoriaux, des syst\u00e8mes de soutien \u00e0 l\u2019entrepreneuriat agro-\u00e9cologique (financement et investissement), des politiques d\u2019habilitation et de l\u2019engagement des consommateurs et des citoyens. Les travaux seront \u00e9galement marqu\u00e9s par des visites sur le terrain des entreprises agro-\u00e9cologiques et des march\u00e9s territoriaux.<\/p>\n<p style=\"text-align: right\"><strong>Mahamadi SEBOGO <\/strong><\/p>\n<p style=\"text-align: right\"><strong>Windmad76@gmail.com<\/strong><\/p>\n<\/div>\n<p>Auteur: JK. Sidwaya<br \/>\n<a href=\"https:\/\/www.sidwaya.info\/blog\/2022\/05\/24\/securite-alimentaire-lafrique-veut-miser-sur-lagro-ecologie\/\">Cliquez ici pour lire l&rsquo;article depuis sa source.<\/a><\/p>\n","protected":false},"excerpt":{"rendered":"<p>L\u2019Alliance pour la souverainet\u00e9 alimentaire en Afrique ou Alliance for food souvereignty in Africa (AFSA) organise une conf\u00e9rence en ligne et en pr\u00e9sentiel sur l\u2019entrepreneuriat agro-\u00e9cologique et les march\u00e9s territoriaux africains sur le th\u00e8me : \u00ab Faire progresser les entreprises agro-\u00e9cologiques pour des \u00e9conomies alimentaires locales saines \u00bb, du 24 au 26 mai 2022, \u00e0 [&hellip;]<\/p>\n","protected":false},"author":1816,"featured_media":0,"comment_status":"closed","ping_status":"closed","sticky":false,"template":"","format":"standard","meta":{"fifu_image_url":"https:\/\/www.sidwaya.info\/wp-content\/uploads\/2022\/05\/2-38-300x225.jpg","fifu_image_alt":"S\u00e9curit\u00e9 alimentaire : l\u2019Afrique veut miser  sur l\u2019agro-\u00e9cologie","footnotes":""},"categories":[73,81],"tags":[],"class_list":["post-148493","post","type-post","status-publish","format-standard","hentry","category-actualite","category-burkina-faso"],"_links":{"self":[{"href":"https:\/\/linitiative.ca\/International\/wp-json\/wp\/v2\/posts\/148493","targetHints":{"allow":["GET"]}}],"collection":[{"href":"https:\/\/linitiative.ca\/International\/wp-json\/wp\/v2\/posts"}],"about":[{"href":"https:\/\/linitiative.ca\/International\/wp-json\/wp\/v2\/types\/post"}],"author":[{"embeddable":true,"href":"https:\/\/linitiative.ca\/International\/wp-json\/wp\/v2\/users\/1816"}],"replies":[{"embeddable":true,"href":"https:\/\/linitiative.ca\/International\/wp-json\/wp\/v2\/comments?post=148493"}],"version-history":[{"count":0,"href":"https:\/\/linitiative.ca\/International\/wp-json\/wp\/v2\/posts\/148493\/revisions"}],"wp:attachment":[{"href":"https:\/\/linitiative.ca\/International\/wp-json\/wp\/v2\/media?parent=148493"}],"wp:term":[{"taxonomy":"category","embeddable":true,"href":"https:\/\/linitiative.ca\/International\/wp-json\/wp\/v2\/categories?post=148493"},{"taxonomy":"post_tag","embeddable":true,"href":"https:\/\/linitiative.ca\/International\/wp-json\/wp\/v2\/tags?post=148493"}],"curies":[{"name":"wp","href":"https:\/\/api.w.org\/{rel}","templated":true}]}}