{"id":148495,"date":"2022-05-24T17:39:37","date_gmt":"2022-05-24T21:39:37","guid":{"rendered":"https:\/\/linitiative.ca\/International\/assemblees-annuelles-de-la-bad-2022-resilience-climatique-et-transition-energetique-au-menu\/"},"modified":"2022-05-24T17:39:37","modified_gmt":"2022-05-24T21:39:37","slug":"assemblees-annuelles-de-la-bad-2022-resilience-climatique-et-transition-energetique-au-menu","status":"publish","type":"post","link":"https:\/\/linitiative.ca\/International\/assemblees-annuelles-de-la-bad-2022-resilience-climatique-et-transition-energetique-au-menu\/","title":{"rendered":"Assembl\u00e9es annuelles de la BAD 2022  : r\u00e9silience climatique et transition \u00e9nerg\u00e9tique au menu"},"content":{"rendered":"<div>\n<p><strong>Les Assembl\u00e9es annuelles 2022 du Groupe de la Banque africaine de d\u00e9veloppement (BAD) se tiennent du 23 au 27 mai 2022 \u00e0 accra, au Ghana, sous le th\u00e8me : \u00ab Favoriser la r\u00e9silience climatique et une transition \u00e9nerg\u00e9tique juste pour l\u2019Afrique \u00bb.<\/strong><\/p>\n<figure id=\"attachment_49920\" aria-describedby=\"caption-attachment-49920\" style=\"width: 300px\" class=\"wp-caption alignleft\"><img loading=\"lazy\" decoding=\"async\" data-attachment-id=\"49920\" data-permalink=\"https:\/\/www.sidwaya.info\/blog\/2022\/05\/24\/assemblees-annuelles-de-la-bad-2022-resilience-climatique-et-transition-energetique-au-menu\/2-764\/\" data-orig-file=\"https:\/\/www.sidwaya.info\/wp-content\/uploads\/2022\/05\/2-39.jpg\" data-orig-size=\"595,446\" data-comments-opened=\"1\" data-image-meta='{\"aperture\":\"0\",\"credit\":\"\",\"camera\":\"\",\"caption\":\"\",\"created_timestamp\":\"0\",\"copyright\":\"\",\"focal_length\":\"0\",\"iso\":\"0\",\"shutter_speed\":\"0\",\"title\":\"\",\"orientation\":\"1\"}' data-image-title=\"2\" data-image-description=\"\" data-image-caption=\"\" data-medium-file=\"https:\/\/linitiative.ca\/International\/wp-content\/uploads\/sites\/23\/2022\/05\/2-39-300x225-1.jpg\" data-large-file=\"https:\/\/www.sidwaya.info\/wp-content\/uploads\/2022\/05\/2-39.jpg\" class=\"wp-image-49920 size-medium\" src=\"https:\/\/linitiative.ca\/International\/wp-content\/uploads\/sites\/23\/2022\/05\/2-39-300x225-1.jpg\" alt=\"\" width=\"300\" height=\"225\" srcset=\"https:\/\/linitiative.ca\/International\/wp-content\/uploads\/sites\/23\/2022\/05\/2-39-300x225-1.jpg 300w, https:\/\/www.sidwaya.info\/wp-content\/uploads\/2022\/05\/2-39-150x112.jpg 150w, https:\/\/www.sidwaya.info\/wp-content\/uploads\/2022\/05\/2-39-560x420.jpg 560w, https:\/\/www.sidwaya.info\/wp-content\/uploads\/2022\/05\/2-39-80x60.jpg 80w, https:\/\/www.sidwaya.info\/wp-content\/uploads\/2022\/05\/2-39-265x198.jpg 265w, https:\/\/www.sidwaya.info\/wp-content\/uploads\/2022\/05\/2-39.jpg 595w\" sizes=\"auto, (max-width: 300px) 100vw, 300px\"><figcaption id=\"caption-attachment-49920\" class=\"wp-caption-text\">De milliers de participants ont pris part aux Assembl\u00e9es annuelles 2022 de la BAD.<\/figcaption><\/figure>\n<p>Le Groupe de la Banque africaine de d\u00e9veloppement (BAD) renoue avec ses sessions chaque ann\u00e9e en pr\u00e9sentiel apr\u00e8s les rendez-vous, en visioconf\u00e9rence, de 2020 et 2021 en raison de la COVID-19. En effet, il tient du 23 au 27 mai 2022, ses 57es Assembl\u00e9es annuelles \u00e0 accra, au Ghana, sous le th\u00e8me : \u00ab Favoriser la r\u00e9silience climatique et une transition \u00e9nerg\u00e9tique juste pour l\u2019Afrique \u00bb. Ces assises ont enregistr\u00e9 la pr\u00e9sence de fortes personnalit\u00e9s \u00e0 l\u2019image du pr\u00e9sident ghan\u00e9en, Nana Akufo-Addo, du vice-pr\u00e9sident de la C\u00f4te d\u2019Ivoire, Ti\u00e9moko Meyliet Kon\u00e9. De milliers de participants d\u2019Afrique et d\u2019ailleurs, le personnel et la \u00ab haute \u00bb direction de la BAD, ses gouverneurs repr\u00e9sentant les 54 pays africains et les 27 pays membres non r\u00e9gionaux de l\u2019institution y prennent \u00e9galement part. Au cours de ces Assembl\u00e9es 2022 de la Banque, les gouverneurs ont eu un dialogue de haut niveau avec le pr\u00e9sident du Groupe de la BAD, Dr Akinwumi Adesina et son \u00e9quipe. Cet \u00e9v\u00e8nement le plus important du calendrier de gouvernance de la BAD a vu aussi des participants se connecter en ligne pour se joindre aux r\u00e9flexions dans la capitale du pays de Kwam\u00e9 Nkrumah, sur le pass\u00e9, le bilan des r\u00e9alisations et les perspectives de l\u2019institution bancaire africaine. Selon le pr\u00e9sident Adesina, le changement climatique et les d\u00e9ficits en \u00e9lectricit\u00e9, entre autres, sont deux d\u00e9fis \u00e0 relever, justifiant ainsi l\u2019importance du th\u00e8me propos\u00e9 qui s\u2019aligne sur les pr\u00e9paratifs de la COP 27 pr\u00e9vue \u00e0 Sharm El Sheikh en Egypte.<\/p>\n<h2><strong>Deux probl\u00e9matiques \u00e0 discuter<\/strong><\/h2>\n<p>Le choix port\u00e9 sur cette th\u00e9matique va, pour lui, permettre au Groupe de la BAD de porter haut les discussions sur les deux probl\u00e9matiques de la r\u00e9silience climatique et la transition \u00e9nerg\u00e9tique en Afrique. Dr Adesina a d\u00e9clar\u00e9 que la guerre en Ukraine a entra\u00een\u00e9 notamment la hausse des prix de l\u2019\u00e9nergie, des engrais et la perturbation des importations alimentaires. A l\u2019entendre, l\u2019Afrique traverse une crise alimentaire en raison de 30 millions de tonnes d\u2019importations alimentaires, notamment de bl\u00e9 et de ma\u00efs qui ne proviendront pas de Russie et d\u2019Ukraine. Pour rem\u00e9dier \u00e0 cette situation, a-t-il d\u00e9clar\u00e9, le Groupe de la BAD et la Commission de l\u2019Union africaine (UA) ont mis en place une facilit\u00e9 de production alimentaire d\u2019urgence en Afrique, d\u2019une valeur de 1,5 milliard de dollars, qui fera b\u00e9n\u00e9ficier \u00e0 20 millions d\u2019agriculteurs africains des semences et des engrais am\u00e9lior\u00e9s, ainsi que d\u2019autres intrants agricoles.<\/p>\n<p>Ce, a-t-il expliqu\u00e9, pour produire rapidement 38 millions de tonnes m\u00e9triques de denr\u00e9es alimentaires compos\u00e9es de 11 millions de tonnes (t) m\u00e9triques de bl\u00e9, 18 millions de t m\u00e9triques de ma\u00efs, six millions de t m\u00e9triques de riz et 2,5 millions de t m\u00e9triques de soja. Les \u00e9conomies africaines ont souffert de la COVID-19 engendrant une diminution du taux de croissance du PIB de -1,6% en 2020, avec \u00e0 la cl\u00e9, plus de 26 millions de personnes affect\u00e9es par l\u2019extr\u00eame pauvret\u00e9 et plus de 30 millions d\u2019emplois perdus, a indiqu\u00e9 le pr\u00e9sident du Groupe de la BAD. A cet effet, a-t-il soulign\u00e9, la BAD a approuv\u00e9 un m\u00e9canisme de r\u00e9ponse aux crises \u00e0 hauteur de 10 milliards de dollars pour soutenir les pays africains ayant aid\u00e9 \u00e0 former 130 000 agents de sant\u00e9, fournir une protection sociale \u00e0 pr\u00e8s de 30 millions de m\u00e9nages vuln\u00e9rables et \u00e9largir le financement et le soutien consultatif \u00e0 300 000 petites et moyennes entreprises.<\/p>\n<p>Concernant le changement climatique, Dr Adesina a d\u00e9plor\u00e9 qu\u2019il asphyxie les \u00e9conomies d\u2019Afrique. Il en veut pour preuve, la perte, chaque ann\u00e9e, en Afrique, de 7 \u00e0 15 milliards de dollars \u00e0 cause du changement climatique, un montant qui devrait atteindre 50 milliards de dollars par an d\u2019ici \u00e0 2040. \u00ab L\u2019Afrique, qui ne repr\u00e9sente que 4 % des \u00e9missions mondiales de gaz \u00e0 effet de serre, est l\u00e9s\u00e9e par la finance climatique. Les besoins de financement de l\u2019Afrique pour faire face au changement climatique se situent entre 1,3 milliard de dollars et 1,6 milliard de dollars sur la p\u00e9riode 2020-2030. Cependant, l\u2019Afrique ne re\u00e7oit pas suffisamment de ressources pour lutter contre le changement climatique \u00bb, a soutenu le pr\u00e9sident Adesina. Il a d\u00e9plor\u00e9 le fait que l\u2019Afrique ne re\u00e7oit que 3 % du total des financements climatiques mondiaux. Entre la COP 26 qui s\u2019est achev\u00e9e et la COP 27 qui va \u00eatre abrit\u00e9e par l\u2019Afrique, les d\u00e9bats devraient proposer des recommandations pour la mobilisation des ressources afin d\u2019atteindre la r\u00e9silience climatique et une transition \u00e0 faible \u00e9mission de carbone soutenues par la BAD. Le Fonds africain de d\u00e9veloppement, guichet de financement concessionnel de la BAD, qui a 50 ans cette ann\u00e9e, a \u00e9t\u00e9 magnifi\u00e9 lors des 57es Assembl\u00e9es annuelles.<\/p>\n<p style=\"text-align: right\"><strong> Boukary BONKOUNGOU <\/strong><\/p>\n<p style=\"text-align: right\"><strong>\u00e0 Accra (Ghana) <\/strong><\/p>\n<\/div>\n<p>Auteur: JK. Sidwaya<br \/>\n<a href=\"https:\/\/www.sidwaya.info\/blog\/2022\/05\/24\/assemblees-annuelles-de-la-bad-2022-resilience-climatique-et-transition-energetique-au-menu\/\">Cliquez ici pour lire l&rsquo;article depuis sa source.<\/a><\/p>\n","protected":false},"excerpt":{"rendered":"<p>Les Assembl\u00e9es annuelles 2022 du Groupe de la Banque africaine de d\u00e9veloppement (BAD) se tiennent du 23 au 27 mai 2022 \u00e0 accra, au Ghana, sous le th\u00e8me : \u00ab Favoriser la r\u00e9silience climatique et une transition \u00e9nerg\u00e9tique juste pour l\u2019Afrique \u00bb. De milliers de participants ont pris part aux Assembl\u00e9es annuelles 2022 de la [&hellip;]<\/p>\n","protected":false},"author":1816,"featured_media":0,"comment_status":"closed","ping_status":"closed","sticky":false,"template":"","format":"standard","meta":{"fifu_image_url":"https:\/\/www.sidwaya.info\/wp-content\/uploads\/2022\/05\/2-39-300x225.jpg","fifu_image_alt":"Assembl\u00e9es annuelles de la BAD 2022  : r\u00e9silience climatique et transition \u00e9nerg\u00e9tique au menu","footnotes":""},"categories":[73,81],"tags":[],"class_list":["post-148495","post","type-post","status-publish","format-standard","hentry","category-actualite","category-burkina-faso"],"_links":{"self":[{"href":"https:\/\/linitiative.ca\/International\/wp-json\/wp\/v2\/posts\/148495","targetHints":{"allow":["GET"]}}],"collection":[{"href":"https:\/\/linitiative.ca\/International\/wp-json\/wp\/v2\/posts"}],"about":[{"href":"https:\/\/linitiative.ca\/International\/wp-json\/wp\/v2\/types\/post"}],"author":[{"embeddable":true,"href":"https:\/\/linitiative.ca\/International\/wp-json\/wp\/v2\/users\/1816"}],"replies":[{"embeddable":true,"href":"https:\/\/linitiative.ca\/International\/wp-json\/wp\/v2\/comments?post=148495"}],"version-history":[{"count":0,"href":"https:\/\/linitiative.ca\/International\/wp-json\/wp\/v2\/posts\/148495\/revisions"}],"wp:attachment":[{"href":"https:\/\/linitiative.ca\/International\/wp-json\/wp\/v2\/media?parent=148495"}],"wp:term":[{"taxonomy":"category","embeddable":true,"href":"https:\/\/linitiative.ca\/International\/wp-json\/wp\/v2\/categories?post=148495"},{"taxonomy":"post_tag","embeddable":true,"href":"https:\/\/linitiative.ca\/International\/wp-json\/wp\/v2\/tags?post=148495"}],"curies":[{"name":"wp","href":"https:\/\/api.w.org\/{rel}","templated":true}]}}