{"id":148498,"date":"2022-05-24T14:18:03","date_gmt":"2022-05-24T18:18:03","guid":{"rendered":"https:\/\/linitiative.ca\/International\/ghana-ouverture-des-assemblees-annuelles-de-la-bad\/"},"modified":"2022-05-24T14:18:03","modified_gmt":"2022-05-24T18:18:03","slug":"ghana-ouverture-des-assemblees-annuelles-de-la-bad","status":"publish","type":"post","link":"https:\/\/linitiative.ca\/International\/ghana-ouverture-des-assemblees-annuelles-de-la-bad\/","title":{"rendered":"Ghana : ouverture des Assembl\u00e9es annuelles de la Bad"},"content":{"rendered":"<div>\n<p><img decoding=\"async\" width=\"400\" height=\"225\" src=\"https:\/\/linitiative.ca\/International\/wp-content\/uploads\/sites\/23\/2022\/05\/16534162832339.jpg\" class=\"attachment-post-thumbnail size-post-thumbnail wp-post-image\" alt=\"\" loading=\"lazy\" srcset=\"https:\/\/linitiative.ca\/International\/wp-content\/uploads\/sites\/23\/2022\/05\/16534162832339.jpg 400w, https:\/\/www.journalducameroun.com\/wp-content\/uploads\/2022\/05\/16534162832339-300x169.jpg 300w, https:\/\/www.journalducameroun.com\/wp-content\/uploads\/2022\/05\/16534162832339-780x440.jpg 780w, https:\/\/www.journalducameroun.com\/wp-content\/uploads\/2022\/05\/16534162832339-380x215.jpg 380w, https:\/\/www.journalducameroun.com\/wp-content\/uploads\/2022\/05\/16534162832339-160x90.jpg 160w, https:\/\/www.journalducameroun.com\/wp-content\/uploads\/2022\/05\/16534162832339-240x135.jpg 240w\" sizes=\"auto, (max-width: 400px) 100vw, 400px\"><\/p>\n<p>\u00c0 Accra, le Groupe de la Banque africaine de d\u00e9veloppement (Bad) engage la r\u00e9flexion sur la r\u00e9silience climatique et la transition \u00e9nerg\u00e9tique sur le continent noir.Les Assembl\u00e9es annuelles de la Banque africaine de d\u00e9veloppement (Bad) se sont ouvertes ce mardi sous la pr\u00e9sidence Nana Akufo-Addo, chef de l&rsquo;Etat du Ghana. Ses homologues Filipe Nyusi (Mozambique) et Samia Suluhu (Tanzanie) \u00e9taient \u00e9galement dans la capitale ghan\u00e9enne tandis qu&rsquo;Azali Assoumani, le pr\u00e9sident des Comores, a suivi la c\u00e9r\u00e9monie en ligne.<\/p>\n<p>Dans son allocution, Nana Akufo-Addo a d\u00e9clar\u00e9 que la Bad \u00ab\u00a0doit devenir une banque de transformation\u00a0\u00bb en adoptant \u00ab\u00a0un nouveau mod\u00e8le \u00e9conomique qui va servir nos int\u00e9r\u00eats \u00bb. Pour le pr\u00e9sident ghan\u00e9en, il urge de \u00ab mettre fin aux obstacles structurelles \u00e0 notre d\u00e9veloppement \u00bb.<\/p>\n<p>Ces Assembl\u00e9es annuelles de l&rsquo;institution financi\u00e8re panafricaine sont plac\u00e9es sous le th\u00e8me \u00ab Favoriser la r\u00e9silience climatique et une transition \u00e9nerg\u00e9tique juste pour l&rsquo;Afrique \u00bb. \u00c0 ce propos, Dr Akinwumi Adesina, le pr\u00e9sident du Groupe de la Bad, a indiqu\u00e9 que \u00ab l&rsquo;Afrique n&rsquo;\u00e9met que 4 % de toutes les \u00e9missions mondiales de gaz \u00e0 effet de serre \u00bb.<\/p>\n<p>Pourtant, a fait remarquer le Nig\u00e9rian, le d\u00e9r\u00e8glement climatique nuit aux \u00e9conomies africaines. \u00ab L&rsquo;Afrique subit des pertes de 7 \u00e0 15 milliards de dollars par an en raison du changement climatique. Elles devraient atteindre 40 milliards de dollars par an d&rsquo;ici 2030 \u00bb, a renseign\u00e9 M. Adesina.<\/p>\n<p>C&rsquo;est pourquoi, la Banque africaine de d\u00e9veloppement entend doubler, d&rsquo;ici 2025, les financements dans le domaine climatique pour atteindre 25 milliards de dollars. \u00ab La part de nos financements climatiques d\u00e9di\u00e9e \u00e0 l&rsquo;adaptation est de 67 %. C&rsquo;est la plus \u00e9lev\u00e9e de toutes les banques multilat\u00e9rales de d\u00e9veloppement \u00bb, s&rsquo;est f\u00e9licit\u00e9 le patron de la Bad.<\/p>\n<p>Les Assembl\u00e9es annuelles de la Bad sont l&rsquo;occasion pour l&rsquo;institution financi\u00e8re d&rsquo;effectuer le bilan de ses actions sur le continent. L&rsquo;\u00e9dition 2022 se tient en pr\u00e9sentiel et en ligne. La \u00a0C\u00f4te d&rsquo;Ivoire est repr\u00e9sent\u00e9e par son vice-pr\u00e9sident, Ti\u00e9moko Meyliet Kon\u00e9 et le Rwanda par son Premier ministre, \u00c9douard Ngirente.<\/p>\n<p>Cet article <a rel=\"nofollow\" href=\"https:\/\/www.journalducameroun.com\/ghana-ouverture-des-assemblees-annuelles-de-la-bad\/\">Ghana : ouverture des Assembl\u00e9es annuelles de la Bad<\/a> est apparu en premier sur <a rel=\"nofollow\" href=\"https:\/\/www.journalducameroun.com\/\">Journal du Cameroun<\/a>.<\/p>\n<\/div>\n<p>Auteur: APA News<br \/>\n<a href=\"https:\/\/www.journalducameroun.com\/ghana-ouverture-des-assemblees-annuelles-de-la-bad\/\">Cliquez ici pour lire l&rsquo;article depuis sa source.<\/a><\/p>\n","protected":false},"excerpt":{"rendered":"<p>\u00c0 Accra, le Groupe de la Banque africaine de d\u00e9veloppement (Bad) engage la r\u00e9flexion sur la r\u00e9silience climatique et la transition \u00e9nerg\u00e9tique sur le continent noir.Les Assembl\u00e9es annuelles de la Banque africaine de d\u00e9veloppement (Bad) se sont ouvertes ce mardi sous la pr\u00e9sidence Nana Akufo-Addo, chef de l&rsquo;Etat du Ghana. Ses homologues Filipe Nyusi (Mozambique) [&hellip;]<\/p>\n","protected":false},"author":1965,"featured_media":0,"comment_status":"closed","ping_status":"closed","sticky":false,"template":"","format":"standard","meta":{"fifu_image_url":"https:\/\/www.journalducameroun.com\/wp-content\/uploads\/2022\/05\/16534162832339.jpg","fifu_image_alt":"Ghana : ouverture des Assembl\u00e9es annuelles de la Bad","footnotes":""},"categories":[73,82],"tags":[],"class_list":["post-148498","post","type-post","status-publish","format-standard","hentry","category-actualite","category-cameroun"],"_links":{"self":[{"href":"https:\/\/linitiative.ca\/International\/wp-json\/wp\/v2\/posts\/148498","targetHints":{"allow":["GET"]}}],"collection":[{"href":"https:\/\/linitiative.ca\/International\/wp-json\/wp\/v2\/posts"}],"about":[{"href":"https:\/\/linitiative.ca\/International\/wp-json\/wp\/v2\/types\/post"}],"author":[{"embeddable":true,"href":"https:\/\/linitiative.ca\/International\/wp-json\/wp\/v2\/users\/1965"}],"replies":[{"embeddable":true,"href":"https:\/\/linitiative.ca\/International\/wp-json\/wp\/v2\/comments?post=148498"}],"version-history":[{"count":0,"href":"https:\/\/linitiative.ca\/International\/wp-json\/wp\/v2\/posts\/148498\/revisions"}],"wp:attachment":[{"href":"https:\/\/linitiative.ca\/International\/wp-json\/wp\/v2\/media?parent=148498"}],"wp:term":[{"taxonomy":"category","embeddable":true,"href":"https:\/\/linitiative.ca\/International\/wp-json\/wp\/v2\/categories?post=148498"},{"taxonomy":"post_tag","embeddable":true,"href":"https:\/\/linitiative.ca\/International\/wp-json\/wp\/v2\/tags?post=148498"}],"curies":[{"name":"wp","href":"https:\/\/api.w.org\/{rel}","templated":true}]}}