{"id":148506,"date":"2022-05-24T13:13:36","date_gmt":"2022-05-24T17:13:36","guid":{"rendered":"https:\/\/linitiative.ca\/International\/les-financements-de-la-bdeac-en-faveur-du-cameroun-selevent-a-360-milliards-en-trois-mois\/"},"modified":"2022-05-24T13:13:36","modified_gmt":"2022-05-24T17:13:36","slug":"les-financements-de-la-bdeac-en-faveur-du-cameroun-selevent-a-360-milliards-en-trois-mois","status":"publish","type":"post","link":"https:\/\/linitiative.ca\/International\/les-financements-de-la-bdeac-en-faveur-du-cameroun-selevent-a-360-milliards-en-trois-mois\/","title":{"rendered":"Les financements de la Bdeac en faveur du Cameroun\u00a0s\u2019\u00e9l\u00e8vent \u00e0 360 milliards en trois mois"},"content":{"rendered":"<div>\n<p>A l\u2019occasion de la f\u00eate nationale du Cameroun le 20 mai dernier, la Banque de d\u00e9veloppement des \u00c9tats de l\u2019Afrique centrale (Bdeac) a dress\u00e9 le bilan de ses interventions en faveurs du pays de Paul Biya. En trois mois de l\u2019ann\u00e9e en cours, l\u2019institution sous-r\u00e9gionale d\u00e9clare avoir accompagn\u00e9 le\u00a0processus de d\u00e9veloppement du Cameroun, \u00e0 travers des financements publics (16 projets) et priv\u00e9s (51projets) estim\u00e9s \u00e0 360 milliards de FCFA. Les secteurs touch\u00e9s sont principalement ceux de\u00a0:\u00a0l\u2019infrastructure ; l\u2019industrie\u00a0; agro-industrie\u00a0; l\u2019immobilier &amp;services\u00a0; les t\u00e9l\u00e9coms et les finances.\u00a0L\u2019orientation des financements de la banque ob\u00e9it \u00e0 la politique de l\u2019institution qui est de r\u00e9aliser les \u00ab\u2009projets \u00e0 fort impact financier ou socio-\u00e9conomique\u2009\u00bb\u00a0dans la sous-r\u00e9gion.<\/p>\n<p><strong>Lire aussi : <a href=\"https:\/\/ecomatin.net\/presidence-de-la-bdeac-au-dela-de-la-polemique-les-s-vraies-questions\/\">Pr\u00e9sidence de la Bdeac\u00a0:\u00a0au-del\u00e0 de la pol\u00e9mique, les vraies questions<\/a><\/strong><\/p>\n<p>En effet, depuis plus de 46 ans d\u2019intervention au Cameroun, la Bdeac a toujours accord\u00e9 la part belle de son financement au secteur de\u00a0industrie (57%), au transport (15%)\u2009; pour ce qui est de agriculture &amp; agro-industrie (8%)\u2009;\u00a0\u00a0le tourisme quant \u00e0 lui est \u00e0 hauteur de (5%)\u2009; sant\u00e9\u00a0(4%)\u2009; infrastructure (4%)\u2009;\u00a0\u00e9nergie (3%)\u2009;\u00a0\u00e9ducation (1%) et immobilier (1%).<\/p>\n<p>De fa\u00e7on pratique, en mars 2021, l\u2019ex\u00a0Pr\u00e9sident \u00a0de la Bdeac \u00a0Fortunato Ofa Mbo Nchama et le Pr\u00e9sident directeur g\u00e9n\u00e9ral de Noutong Holding S.A Jean-Marie Noutong Somdjeu avaient proc\u00e9d\u00e9 \u00e0 la signature d\u2019un accord de financement pour la construction d\u2019un h\u00f4tel 3 \u00e9toiles \u00e0 Douala pour une enveloppe de 1,7milliard. Ajout\u00e9 \u00e0 cela, dans le cadre de son l\u2019emprunt obligataire \u00abBdeac 5,45% net 2020-2027\u00a0\u00bb, d\u2019une enveloppe de 100 milliards. Pour Cameroun, les fonds serviront \u00e0 financer\u00a0des projets du secteur priv\u00e9 notamment\u00a0: le projet de construction du complexe scolaire Du Vaal \u00e0 Douala, d\u2019un h\u00f4tel 4 \u00e9toiles \u00e0 Douala, de l\u2019h\u00f4tel Radisson Blu \u00e0 Douala, de l\u2019h\u00f4tel panafrican plaza \u00e0 Douala, de l\u2019extension de la capacit\u00e9 de production et de stockage de la station de broyage de ciment \u00e0 Douala etc.).<\/p>\n<p><strong>Lire aussi : <a href=\"https:\/\/ecomatin.net\/le-camerounais-dieudonne-evou-mekou-nomme-president-de-la-bdeac\/\">Le Camerounais Dieudonn\u00e9 Evou Mekou nomm\u00e9 Pr\u00e9sident de la BDEAC<\/a><\/strong><\/p>\n<p>\u00a0Pour les projets du secteur public,\u00a0l\u2019on note le projet d\u2019am\u00e9nagement hydro\u00e9lectrique de Lom Pangar, le bitumage de la route Kumba-Mamf\u00e9, l\u2019am\u00e9nagement de la route Batchenga-Ntui etc. En mati\u00e8re de\u00a0projets int\u00e9grateurs prioritaires du PER Cemac, on d\u00e9nombre, le projet de construction d\u2019un pont sur le fleuve Ntem et de facilitation du transport et de la s\u00e9curit\u00e9 routi\u00e8re sur la route transnationale Kribi-Campo-Bata, sur le corridor Yaound\u00e9-Bata, le projet de construction de la voie express Lolab\u00e9-Campo, le projet d\u2019interconnexion du r\u00e9seau de fibre optique entre le Cameroun et les autres pays de la Cemac etc.\u00a0<\/p>\n<p>L\u2019article <a rel=\"nofollow\" href=\"https:\/\/ecomatin.net\/les-financements-de-la-bdeac-en-faveur-du-cameroun-n-selevent-a-360-milliards-en-trois-mois\/\">Les financements de la Bdeac en faveur du Cameroun\u00a0s\u2019\u00e9l\u00e8vent \u00e0 360 milliards en trois mois<\/a> est apparu en premier sur <a rel=\"nofollow\" href=\"https:\/\/ecomatin.net\/\">EcoMatin<\/a>.<\/p>\n<\/div>\n<p>Auteur: Amina MALLOUM<br \/>\n<a href=\"https:\/\/ecomatin.net\/les-financements-de-la-bdeac-en-faveur-du-cameroun-n-selevent-a-360-milliards-en-trois-mois\/\">Cliquez ici pour lire l&rsquo;article depuis sa source.<\/a><\/p>\n","protected":false},"excerpt":{"rendered":"<p>A l\u2019occasion de la f\u00eate nationale du Cameroun le 20 mai dernier, la Banque de d\u00e9veloppement des \u00c9tats de l\u2019Afrique centrale (Bdeac) a dress\u00e9 le bilan de ses interventions en faveurs du pays de Paul Biya. En trois mois de l\u2019ann\u00e9e en cours, l\u2019institution sous-r\u00e9gionale d\u00e9clare avoir accompagn\u00e9 le\u00a0processus de d\u00e9veloppement du Cameroun, \u00e0 travers [&hellip;]<\/p>\n","protected":false},"author":1969,"featured_media":0,"comment_status":"closed","ping_status":"closed","sticky":false,"template":"","format":"standard","meta":{"fifu_image_url":"","fifu_image_alt":"","footnotes":""},"categories":[82,78],"tags":[],"class_list":["post-148506","post","type-post","status-publish","format-standard","hentry","category-cameroun","category-economie"],"_links":{"self":[{"href":"https:\/\/linitiative.ca\/International\/wp-json\/wp\/v2\/posts\/148506","targetHints":{"allow":["GET"]}}],"collection":[{"href":"https:\/\/linitiative.ca\/International\/wp-json\/wp\/v2\/posts"}],"about":[{"href":"https:\/\/linitiative.ca\/International\/wp-json\/wp\/v2\/types\/post"}],"author":[{"embeddable":true,"href":"https:\/\/linitiative.ca\/International\/wp-json\/wp\/v2\/users\/1969"}],"replies":[{"embeddable":true,"href":"https:\/\/linitiative.ca\/International\/wp-json\/wp\/v2\/comments?post=148506"}],"version-history":[{"count":0,"href":"https:\/\/linitiative.ca\/International\/wp-json\/wp\/v2\/posts\/148506\/revisions"}],"wp:attachment":[{"href":"https:\/\/linitiative.ca\/International\/wp-json\/wp\/v2\/media?parent=148506"}],"wp:term":[{"taxonomy":"category","embeddable":true,"href":"https:\/\/linitiative.ca\/International\/wp-json\/wp\/v2\/categories?post=148506"},{"taxonomy":"post_tag","embeddable":true,"href":"https:\/\/linitiative.ca\/International\/wp-json\/wp\/v2\/tags?post=148506"}],"curies":[{"name":"wp","href":"https:\/\/api.w.org\/{rel}","templated":true}]}}