{"id":148507,"date":"2022-05-24T13:21:57","date_gmt":"2022-05-24T17:21:57","guid":{"rendered":"https:\/\/linitiative.ca\/International\/afriland-first-bank-ouvre-une-agence-a-buea-sa-55e-sur-lensemble-du-triangle-national\/"},"modified":"2022-05-24T13:21:57","modified_gmt":"2022-05-24T17:21:57","slug":"afriland-first-bank-ouvre-une-agence-a-buea-sa-55e-sur-lensemble-du-triangle-national","status":"publish","type":"post","link":"https:\/\/linitiative.ca\/International\/afriland-first-bank-ouvre-une-agence-a-buea-sa-55e-sur-lensemble-du-triangle-national\/","title":{"rendered":"Afriland First Bank ouvre une agence \u00e0 Buea, sa 55e\u00a0sur l\u2019ensemble du triangle national"},"content":{"rendered":"<div>\n<p>Le r\u00e9seau d\u2019Afriland First Bank s\u2019agrandit. L\u2019\u00e9tablissement bancaire\u00a0qui compte actuellement 54 agences r\u00e9parties sur l\u2019ensemble du territoire national, vient de proc\u00e9der \u00e0 l\u2019ouverture d\u2019une nouvelle antenne. C\u2019est la ville de Buea, capitale r\u00e9gionale du Sud-Ouest, qui a \u00e9t\u00e9 choisie pour accueillir cette nouvelle excroissance de la banque camerounaise. L\u2019ouverture a eu lieu lundi 23 mai 2022, en pr\u00e9sence de Sylvain Tapon, Directeur r\u00e9gional d\u2019Afriland First Bank pour le Sud-Ouest. A en croire ce dernier, cette inauguration r\u00e9pond \u00e0 une politique ch\u00e8re \u00e0 l\u2019entreprise : La proximit\u00e9. \u00a0\u00abLa densification de notre pr\u00e9sence nous permet de toucher du doigt les r\u00e9alit\u00e9s de nos clients et de mieux r\u00e9pondre \u00e0 leurs besoins. En nous rapprochant\u00a0davantage des populations, nous leur permettons d\u2019une part, de b\u00e9n\u00e9ficier de l\u2019accompagnement de la First Bank pour d\u00e9velopper leurs activit\u00e9s et, d\u2019autre part, d\u2019utiliser notre large r\u00e9seau de points\u00a0 de ventes r\u00e9parti dans tout le territoire pour effectuer leur diff\u00e9rentes op\u00e9rations\u00bb, a-t-il d\u00e9clar\u00e9.<\/p>\n<p><strong>Lire aussi : <a href=\"https:\/\/ecomatin.net\/secteur-bancaire-apres-le-tchad-afriland-first-bank-lorgne-vers-le-congo\/\">Secteur bancaire\u00a0: apr\u00e8s le Tchad, Afriland First Bank lorgne vers le Congo<\/a><\/strong><\/p>\n<p>Dans la r\u00e9gion du Sud-Ouest, Afriland First Bank \u00e9tait d\u00e9j\u00e0 op\u00e9rationnelle \u00e0 Limb\u00e9 de m\u00eame qu\u2019\u00e0 Bamenda dans la r\u00e9gion voisine du Nord-ouest. Rappelons que bien avant la ville de Buea, la banque a ouvert 3 nouvelles agences dans la r\u00e9gion du Littoral en mars dernier. Dont deux dans la ville de Douala et une autre dans la ville d\u2019Ed\u00e9a. Elle compte \u00e9galement 3 agences d\u00e9di\u00e9es \u00e0 la finance islamique, qui, coupl\u00e9es aux 55 agences \u00e9voqu\u00e9es supra, portent le total des agences sur l\u2019ensemble du territoire national \u00e0 58.<\/p>\n<p>L\u2019article <a rel=\"nofollow\" href=\"https:\/\/ecomatin.net\/afriland-first-bank-k-ouvre-une-agence-a-buea-sa-55e-sur-lensemble-du-triangle-national\/\">Afriland First Bank ouvre une agence \u00e0 Buea, sa 55e\u00a0sur l\u2019ensemble du triangle national<\/a> est apparu en premier sur <a rel=\"nofollow\" href=\"https:\/\/ecomatin.net\/\">EcoMatin<\/a>.<\/p>\n<\/div>\n<p>Auteur: Paul Tjeg<br \/>\n<a href=\"https:\/\/ecomatin.net\/afriland-first-bank-k-ouvre-une-agence-a-buea-sa-55e-sur-lensemble-du-triangle-national\/\">Cliquez ici pour lire l&rsquo;article depuis sa source.<\/a><\/p>\n","protected":false},"excerpt":{"rendered":"<p>Le r\u00e9seau d\u2019Afriland First Bank s\u2019agrandit. L\u2019\u00e9tablissement bancaire\u00a0qui compte actuellement 54 agences r\u00e9parties sur l\u2019ensemble du territoire national, vient de proc\u00e9der \u00e0 l\u2019ouverture d\u2019une nouvelle antenne. C\u2019est la ville de Buea, capitale r\u00e9gionale du Sud-Ouest, qui a \u00e9t\u00e9 choisie pour accueillir cette nouvelle excroissance de la banque camerounaise. L\u2019ouverture a eu lieu lundi 23 mai [&hellip;]<\/p>\n","protected":false},"author":1969,"featured_media":0,"comment_status":"closed","ping_status":"closed","sticky":false,"template":"","format":"standard","meta":{"fifu_image_url":"","fifu_image_alt":"","footnotes":""},"categories":[82,78],"tags":[],"class_list":["post-148507","post","type-post","status-publish","format-standard","hentry","category-cameroun","category-economie"],"_links":{"self":[{"href":"https:\/\/linitiative.ca\/International\/wp-json\/wp\/v2\/posts\/148507","targetHints":{"allow":["GET"]}}],"collection":[{"href":"https:\/\/linitiative.ca\/International\/wp-json\/wp\/v2\/posts"}],"about":[{"href":"https:\/\/linitiative.ca\/International\/wp-json\/wp\/v2\/types\/post"}],"author":[{"embeddable":true,"href":"https:\/\/linitiative.ca\/International\/wp-json\/wp\/v2\/users\/1969"}],"replies":[{"embeddable":true,"href":"https:\/\/linitiative.ca\/International\/wp-json\/wp\/v2\/comments?post=148507"}],"version-history":[{"count":0,"href":"https:\/\/linitiative.ca\/International\/wp-json\/wp\/v2\/posts\/148507\/revisions"}],"wp:attachment":[{"href":"https:\/\/linitiative.ca\/International\/wp-json\/wp\/v2\/media?parent=148507"}],"wp:term":[{"taxonomy":"category","embeddable":true,"href":"https:\/\/linitiative.ca\/International\/wp-json\/wp\/v2\/categories?post=148507"},{"taxonomy":"post_tag","embeddable":true,"href":"https:\/\/linitiative.ca\/International\/wp-json\/wp\/v2\/tags?post=148507"}],"curies":[{"name":"wp","href":"https:\/\/api.w.org\/{rel}","templated":true}]}}