{"id":148508,"date":"2022-05-24T13:31:44","date_gmt":"2022-05-24T17:31:44","guid":{"rendered":"https:\/\/linitiative.ca\/International\/employabilite-le-statut-national-de-letudiant-entrepreneur-en-gestation-au-cameroun\/"},"modified":"2022-05-24T13:31:44","modified_gmt":"2022-05-24T17:31:44","slug":"employabilite-le-statut-national-de-letudiant-entrepreneur-en-gestation-au-cameroun","status":"publish","type":"post","link":"https:\/\/linitiative.ca\/International\/employabilite-le-statut-national-de-letudiant-entrepreneur-en-gestation-au-cameroun\/","title":{"rendered":"Employabilit\u00e9\u00a0: le statut national de l\u2019\u00e9tudiant-entrepreneur en gestation au Cameroun"},"content":{"rendered":"<div>\n<p>\u00abCe programme appara\u00eet autant plus opportun qu\u2019il cr\u00e9\u00e9 un nouvel espace dans lequel les meilleurs de notre syst\u00e8me universitaire pourraient \u00e9ventuellement trouver un champ d\u2019expression de leur g\u00e9nie et r\u00e9aliser l\u2019id\u00e9al, c\u2019est-\u00e0-dire, un \u00e9tudiant-un emploi-une entreprise\u00bb. Jean Paul Mbia, le Conseiller technique n\u00b01 du minist\u00e8re de l\u2019Enseignement sup\u00e9rieur (Minesup) s\u2019exprimait \u00e0 l\u2019occasion du lancement de l\u2019Atelier national de co-construction du plan d\u2019action du programme \u00abEntreprendre\u00bb pour le Cameroun, organis\u00e9 par l\u2019Agence Universitaire Francophone (AUF). Le repr\u00e9sentant du ministre d\u2019\u00c9tat, ministre de l\u2019Enseignement sup\u00e9rieur \u00e9mettait le voeux d\u2019une impl\u00e9mentation efficiente, \u00e0 travers le programme \u00abEntreprendre\u00bb de l\u2019AUF, du tryptique \u00abformation-employabilit\u00e9-cr\u00e9ativit\u00e9\u00bb au sein des 11 universit\u00e9s d\u2019\u00c9tat, 4 universit\u00e9s inter-\u00c9tats, et 326 instituts priv\u00e9s d\u2019enseignement sup\u00e9rieur (IPES) du Cameroun.\u00a0<\/p>\n<p><strong>Lire aussi : <a href=\"https:\/\/ecomatin.net\/lutte-contre-la-covid-19-lauf-met-a-disposition-655-millions-de-f-destines-aux-jeunes-chercheurs-de-projets\/\" target=\"_blank\" rel=\"noreferrer noopener\">Lutte contre la Covid-19 : l\u2019AUF met \u00e0 disposition 655 millions de F destin\u00e9s aux jeunes chercheurs de projets<\/a><\/strong><\/p>\n<p>Le programme \u00abEntreprendre\u00bb au profit des \u00e9tudiants, minist\u00e8res, \u00e9tablissements d\u2019enseignement sup\u00e9rieur, et des collectivit\u00e9s territoriales de 8 pays d\u2019Afrique sub-saharienne et des Cara\u00efbes (Benin, Burkina Faso, Cameroun, Congo, C\u00f4te d\u2019Ivoire, Ha\u00efti, \u00cele Maurice, S\u00e9n\u00e9gal), vise, clarifie Aissatou Sy-Wonye, la Directrice r\u00e9gionale AUF pour l\u2019Afrique centrale et les Grands lacs, \u00ab\u00e0 mettre en place des p\u00f4les de pr\u00e9-incubation entrepreneuriale \u00e9tudiante dans les nouveaux Centres d\u2019Employabilit\u00e9 Francophone (CEF), renforcer les comp\u00e9tences des jeunes et des encadreurs\/tuteurs, stimuler l\u2019innovation et la recherche afin de d\u00e9velopper l\u2019entrepreneuriat-\u00e9tudiant, de consolider la coop\u00e9ration \u00a0entre les acteurs de l\u2019innovation pour renforcer les \u00e9cosyst\u00e8mes entrepreneuriaux\u00bb. L\u2019initiative d\u00e9bouchera, par ailleurs, sur la mise en place d\u2019un Statut national d\u2019\u00e9tudiant-entrepreneur au Cameroun.<\/p>\n<p><strong>Produits des laboratoires d\u2019universit\u00e9s<\/strong><\/p>\n<p>Le lancement de ce programme participe par cons\u00e9quent de l\u2019acc\u00e9l\u00e9ration du processus de cr\u00e9ation des universit\u00e9s de 3\u00e8me g\u00e9n\u00e9ration. Relevons que l\u2019entrepreneuriat estudiantin a abouti \u00e0 plusieurs\u00a0success-stories, \u00e0 l\u2019instar de celles du pr\u00e9-incubateur de l\u2019Universit\u00e9 de Dschang qui a g\u00e9n\u00e9r\u00e9 65 petites entreprises, pour un total de 300 emplois. D\u2019apr\u00e8s\u00a0Jean Paul Mbia, le Cameroun compte 80 centres d\u2019incubation d\u2019entreprises et 25 centres dans les Universit\u00e9s publiques et priv\u00e9es qui ont re\u00e7u de l\u2019\u00c9tat du Cameroun, \u00e0 travers le Minesup, des appuis cumul\u00e9s de 12 milliards de FCFA. Dans le m\u00eame sillage, trois grands programmes sont en cours d\u2019impl\u00e9mentation au Minesup: le Getec (G\u00e9nie et talent de l\u2019\u00e9tudiant camerounais), le Programme pr\u00e9sidentiel d\u2019appui \u00e0 l\u2019employabilit\u00e9 des jeunes dipl\u00f4m\u00e9s de l\u2019enseignement sup\u00e9rieur pour la cr\u00e9ation d\u2019entreprise (Pro-paej), qui vise le financement de 100 projets dans les 10 r\u00e9gions du Cameroun, soit 10 par r\u00e9gion, et l\u2019Omdes (Observatoire des m\u00e9tiers des dipl\u00f4mes de l\u2019enseignement sup\u00e9rieur).<\/p>\n<p><strong>Lire aussi : <a href=\"https:\/\/ecomatin.net\/employabilite-des-jeunes-lauf-et-le-gouvernement-signent-trois-accords-de-partenariats\/\" target=\"_blank\" rel=\"noreferrer noopener\">Employabilit\u00e9 des jeunes : l\u2019AUF et le gouvernement signent trois accords de partenariats<\/a><\/strong><\/p>\n<p>Concernant particuli\u00e8rement le Programme Getec pour projets innovants et \u00e0 forte plus-value d\u2019employabilit\u00e9, trois projets sont en cours de r\u00e9alisation, apprend-on du Conseiller technique n\u00b01 au Minesup. Il s\u2019agit du projet \u00abPower recovery phone\u00bb, sp\u00e9cialis\u00e9 dans la fabrication d\u2019un dispositif antivol des smartphones (Laboratoires num\u00e9riques de Suptic), \u00abNumita Holdings\u00bb, pour la fabrication de la farine de banane-plantain, de l\u2019\u00e9levage de la vente des escargots et des produits d\u00e9riv\u00e9s (Laboratoires de la Facult\u00e9 d\u2019agriculture de l\u2019Universit\u00e9 de Buea), et le projet \u00abEcobag Ventures\u00bb, sp\u00e9cialis\u00e9 dans la fabrication des sacs \u00e9cologiques \u00e0 partir des troncs de bananiers (Laboratoires de la Facult\u00e9 des sciences de l\u2019Universit\u00e9 de Douala). D\u2019une dur\u00e9e de 3 ans, le programme \u00abEntreprendre\u00bb de l\u2019AUF permettra d\u2019ouvrir 70 CEF, dans 59 pays, dont le Cameroun qui figure parmi mes 6 pays d\u2019Afrique sub-saharienne b\u00e9n\u00e9ficiaires. Rappelons que l\u2019AUF dispose d\u2019un bureau op\u00e9rationnel \u00e0 l\u2019Institut Universitaire de Douala (IUT).<\/p>\n<p><strong>Lire aussi : <a href=\"https:\/\/ecomatin.net\/aissatou-sy-wonyu-dirige-la-region-de-lafrique-centrale-et-grands-lacs-de-lauf\/\" target=\"_blank\" rel=\"noreferrer noopener\">A\u00efssatou SY-Wonyu, dirige la r\u00e9gion Afrique Centrale et Grands Lacs de l\u2019AUF<\/a><\/strong><\/p>\n<p>L\u2019article <a rel=\"nofollow\" href=\"https:\/\/ecomatin.net\/employabilite-le-statut-national-de-letudiant-t-entrepreneur-en-gestation-au-cameroun\/\">Employabilit\u00e9\u00a0: le statut national de l\u2019\u00e9tudiant-entrepreneur en gestation au Cameroun<\/a> est apparu en premier sur <a rel=\"nofollow\" href=\"https:\/\/ecomatin.net\/\">EcoMatin<\/a>.<\/p>\n<\/div>\n<p>Auteur: Georges Semey<br \/>\n<a href=\"https:\/\/ecomatin.net\/employabilite-le-statut-national-de-letudiant-t-entrepreneur-en-gestation-au-cameroun\/\">Cliquez ici pour lire l&rsquo;article depuis sa source.<\/a><\/p>\n","protected":false},"excerpt":{"rendered":"<p>\u00abCe programme appara\u00eet autant plus opportun qu\u2019il cr\u00e9\u00e9 un nouvel espace dans lequel les meilleurs de notre syst\u00e8me universitaire pourraient \u00e9ventuellement trouver un champ d\u2019expression de leur g\u00e9nie et r\u00e9aliser l\u2019id\u00e9al, c\u2019est-\u00e0-dire, un \u00e9tudiant-un emploi-une entreprise\u00bb. Jean Paul Mbia, le Conseiller technique n\u00b01 du minist\u00e8re de l\u2019Enseignement sup\u00e9rieur (Minesup) s\u2019exprimait \u00e0 l\u2019occasion du lancement de [&hellip;]<\/p>\n","protected":false},"author":1969,"featured_media":0,"comment_status":"closed","ping_status":"closed","sticky":false,"template":"","format":"standard","meta":{"fifu_image_url":"","fifu_image_alt":"","footnotes":""},"categories":[82,78],"tags":[],"class_list":["post-148508","post","type-post","status-publish","format-standard","hentry","category-cameroun","category-economie"],"_links":{"self":[{"href":"https:\/\/linitiative.ca\/International\/wp-json\/wp\/v2\/posts\/148508","targetHints":{"allow":["GET"]}}],"collection":[{"href":"https:\/\/linitiative.ca\/International\/wp-json\/wp\/v2\/posts"}],"about":[{"href":"https:\/\/linitiative.ca\/International\/wp-json\/wp\/v2\/types\/post"}],"author":[{"embeddable":true,"href":"https:\/\/linitiative.ca\/International\/wp-json\/wp\/v2\/users\/1969"}],"replies":[{"embeddable":true,"href":"https:\/\/linitiative.ca\/International\/wp-json\/wp\/v2\/comments?post=148508"}],"version-history":[{"count":0,"href":"https:\/\/linitiative.ca\/International\/wp-json\/wp\/v2\/posts\/148508\/revisions"}],"wp:attachment":[{"href":"https:\/\/linitiative.ca\/International\/wp-json\/wp\/v2\/media?parent=148508"}],"wp:term":[{"taxonomy":"category","embeddable":true,"href":"https:\/\/linitiative.ca\/International\/wp-json\/wp\/v2\/categories?post=148508"},{"taxonomy":"post_tag","embeddable":true,"href":"https:\/\/linitiative.ca\/International\/wp-json\/wp\/v2\/tags?post=148508"}],"curies":[{"name":"wp","href":"https:\/\/api.w.org\/{rel}","templated":true}]}}