{"id":148509,"date":"2022-05-25T10:00:42","date_gmt":"2022-05-25T14:00:42","guid":{"rendered":"https:\/\/linitiative.ca\/International\/retour-du-maroc-a-lua-une-nouvelle-dynamique-panafriciane\/"},"modified":"2022-05-25T10:00:42","modified_gmt":"2022-05-25T14:00:42","slug":"retour-du-maroc-a-lua-une-nouvelle-dynamique-panafriciane","status":"publish","type":"post","link":"https:\/\/linitiative.ca\/International\/retour-du-maroc-a-lua-une-nouvelle-dynamique-panafriciane\/","title":{"rendered":"Retour du Maroc \u00e0 l\u2019UA, une nouvelle dynamique panafriciane"},"content":{"rendered":"<div>\n<p><img decoding=\"async\" width=\"300\" height=\"153\" src=\"https:\/\/linitiative.ca\/International\/wp-content\/uploads\/sites\/23\/2022\/05\/investissement-1-300x153-1.jpg\" class=\"attachment-medium size-medium wp-post-image\" alt=\"\" loading=\"lazy\" srcset=\"https:\/\/linitiative.ca\/International\/wp-content\/uploads\/sites\/23\/2022\/05\/investissement-1-300x153-1.jpg 300w, https:\/\/aujourdhui.ma\/wp-content\/uploads\/2022\/05\/investissement-1-274x140.jpg 274w, https:\/\/aujourdhui.ma\/wp-content\/uploads\/2022\/05\/investissement-1.jpg 746w, https:\/\/aujourdhui.ma\/wp-content\/uploads\/2022\/05\/investissement-1-165x84.jpg 165w, https:\/\/aujourdhui.ma\/wp-content\/uploads\/2022\/05\/investissement-1-702x358.jpg 702w\" sizes=\"auto, (max-width: 300px) 100vw, 300px\"><\/p>\n<p><span style=\"font-size: 20px; color: #800000;\"><strong>Une empreinte visible du Royaume dans diff\u00e9rentes th\u00e9matiques<\/strong><\/span><span id=\"more-408842\"><\/span><\/p>\n<p><span style=\"color: #ff0000;\">Le Royaume inscrit ses efforts au service de la paix et la s\u00e9curit\u00e9 en Afrique et confirme son attachement \u00e0 la d\u00e9fense des valeurs de paix et de s\u00e9curit\u00e9.<\/span><\/p>\n<p>Une nouvelle dynamique a \u00e9t\u00e9 enclench\u00e9e avec le retour du Maroc \u00e0 l\u2019Union Africaine. L\u2019empreinte du Maroc et ses partenaires continentaux est visible concernant plusieurs th\u00e9matiques, notamment les changements climatiques et les questions de la paix et de la s\u00e9curit\u00e9. Dans ce sens, le Maroc vient de r\u00e9it\u00e9rer, \u00e0 Malabo en Guin\u00e9e \u00e9quatoriale, l\u2019imp\u00e9ratif d\u2019une alliance africaine dans la lutte contre les changements climatiques et le r\u00f4le des trois commissions climat dans le renforcement de la r\u00e9silience et de l\u2019adaptation au sein du continent.<\/p>\n<p>L\u2019ambassadeur repr\u00e9sentant permanent du Royaume aupr\u00e8s de l\u2019Union africaine et de la CEA-ONU, Mohamed Arrouchi, qui intervenait lors de la 4\u00e8me session du Comit\u00e9 technique sp\u00e9cialis\u00e9 sur les migrations, les r\u00e9fugi\u00e9s et les personnes d\u00e9plac\u00e9es internes tenue \u00e0 Malabo, a relev\u00e9 les facteurs qui exacerbent et aggravent davantage les effets physiques du changement climatique sur le continent, \u00e0 savoir l\u2019\u00e9volution d\u00e9mographique ascendante, la situation \u00e9conomique pr\u00e9caire et l\u2019absence de capacit\u00e9s technologiques ad\u00e9quates. A cet \u00e9gard, M. Arrouchi a fait savoir que les indicateurs statistiques et de performance du continent en relation aux facteurs pr\u00e9cit\u00e9s ne favorisent pas une r\u00e9silience et une adaptation apte \u00e0 permettre \u00e0 l\u2019Afrique de faire face au changement climatique de mani\u00e8re durable. Dans ce contexte, l\u2019ambassadeur a appel\u00e9 \u00e0 capitaliser sur les initiatives continentales, notamment les trois commissions Climat du Sahel, Bassin du Congo et les Etats insulaires, afin de mat\u00e9rialiser les actions permettant de renforcer l\u2019adaptation et la r\u00e9silience du continent face \u00e0 ce fl\u00e9au.<\/p>\n<p>Le diplomate qui conduit la d\u00e9l\u00e9gation marocaine \u00e0 cette 4\u00e8me Session du CTS sur les migrations, les r\u00e9fugi\u00e9s et les personnes d\u00e9plac\u00e9es internes compos\u00e9e des diff\u00e9rents d\u00e9partements sectoriels, a recommand\u00e9 une alliance africaine pour relever les d\u00e9fis du changement climatique afin d\u2019assurer une synergie \u00e0 m\u00eame de maximiser la mobilisation et les ressources dont dispose le continent pour renforcer son adaptation et sa r\u00e9silience, tant au niveau du syst\u00e8me d\u2019alerte pr\u00e9coce que celui de l\u2019engagement et de l\u2019interaction avec les diff\u00e9rents partenaires de l\u2019Afrique. Rappelant que l\u2019Afrique demeure le continent qui contribue le moins dans les \u00e9missions de gaz \u00e0 effet de serre, le diplomate marocain a soulign\u00e9 que l\u2019enjeu principal dans cette lutte demeure la r\u00e9duction des \u00e9mission carbone, appelant ainsi \u00e0 inscrire ce point \u00e0 l\u2019ordre du jour des agendas des r\u00e9unions avec les partenaires de l\u2019Afrique afin de renforcer le plaidoyer et de rem\u00e9dier \u00e0 ce ph\u00e9nom\u00e8ne.<\/p>\n<p><img loading=\"lazy\" decoding=\"async\" class=\"aligncenter size-full wp-image-408854\" src=\"https:\/\/linitiative.ca\/International\/wp-content\/uploads\/sites\/23\/2022\/05\/maroc-union-africaine.jpg\" alt=\"\" width=\"746\" height=\"380\" srcset=\"https:\/\/linitiative.ca\/International\/wp-content\/uploads\/sites\/23\/2022\/05\/maroc-union-africaine.jpg 746w, https:\/\/aujourdhui.ma\/wp-content\/uploads\/2022\/05\/maroc-union-africaine-300x153.jpg 300w, https:\/\/aujourdhui.ma\/wp-content\/uploads\/2022\/05\/maroc-union-africaine-274x140.jpg 274w, https:\/\/aujourdhui.ma\/wp-content\/uploads\/2022\/05\/maroc-union-africaine-165x84.jpg 165w, https:\/\/aujourdhui.ma\/wp-content\/uploads\/2022\/05\/maroc-union-africaine-702x358.jpg 702w\" sizes=\"auto, (max-width: 746px) 100vw, 746px\"><\/p>\n<p>Par ailleurs, le Maroc \u00e9tait \u00e9galement pr\u00e9sent \u00e0 la 14\u00e8me r\u00e9union ordinaire minist\u00e9rielle du CTS sur la d\u00e9fense, la suret\u00e9 et la s\u00e9curit\u00e9 de l\u2019Union Africaine. L\u2019ambassadeur du Royaume a soulign\u00e9 dans ce sens que la coop\u00e9ration militaire entre le Maroc et ses partenaires africains s\u2019inscrit dans sa vision de coop\u00e9ration solidaire et traditionnelle visant \u00e0 pr\u00e9venir les conflits et maintenir la paix et la stabilit\u00e9 dans le continent africain. M. Arrouchi a soulign\u00e9 que cette coop\u00e9ration couvre de multiple domaines, notamment en mati\u00e8re de formation et d\u2019entra\u00eenement qui permettent de renforcer davantage l\u2019interop\u00e9rabilit\u00e9 des forces et les capacit\u00e9s op\u00e9rationnelles des arm\u00e9es particuli\u00e8rement dans le domaine de maintien de la paix et d\u2019entra\u00eenement combin\u00e9s.<\/p>\n<p>Les efforts du Royaume en faveur de la paix et la s\u00e9curit\u00e9 en Afrique se traduisent par sa contribution active aux diff\u00e9rentes missions d\u00e9ploy\u00e9es dans le continent africain en plus du volet humanitaire avec le d\u00e9ploiement de plusieurs h\u00f4pitaux m\u00e9dico-chirurgicaux de campagne ces derni\u00e8res ann\u00e9es outre le soutien humanitaire pour faire face aux diff\u00e9rentes crises, notamment la pand\u00e9mie de Covid-19, a relev\u00e9 le diplomate marocain. S\u2019appuyant sur son exp\u00e9rience et son potentiel op\u00e9rationnel, le Royaume inscrit ses efforts au service de la paix et la s\u00e9curit\u00e9 en Afrique et confirme son attachement \u00e0 la d\u00e9fense des valeurs de paix et de s\u00e9curit\u00e9, a soutenu M. Arrouchi. Le diplomate marocain a saisi cette occasion pour saluer les efforts d\u00e9ploy\u00e9s par le d\u00e9partement des affaires politiques, paix et s\u00e9curit\u00e9 (PAPS) de l\u2019UA sous le leadership du commissaire Bankole Adeoy et la nouvelle dynamique insuffl\u00e9e au sein de ce d\u00e9partement au service des causes nobles du continent en mati\u00e8re de paix et de s\u00e9curit\u00e9.<\/p>\n<\/div>\n<p>Auteur: Mohamed Badrane<br \/>\n<a href=\"https:\/\/aujourdhui.ma\/economie\/retour-du-maroc-a-lua-une-nouvelle-dynamique-panafriciane\">Cliquez ici pour lire l&rsquo;article depuis sa source.<\/a><\/p>\n","protected":false},"excerpt":{"rendered":"<p>Une empreinte visible du Royaume dans diff\u00e9rentes th\u00e9matiques Le Royaume inscrit ses efforts au service de la paix et la s\u00e9curit\u00e9 en Afrique et confirme son attachement \u00e0 la d\u00e9fense des valeurs de paix et de s\u00e9curit\u00e9. Une nouvelle dynamique a \u00e9t\u00e9 enclench\u00e9e avec le retour du Maroc \u00e0 l\u2019Union Africaine. L\u2019empreinte du Maroc et [&hellip;]<\/p>\n","protected":false},"author":1759,"featured_media":0,"comment_status":"closed","ping_status":"closed","sticky":false,"template":"","format":"standard","meta":{"fifu_image_url":"https:\/\/aujourdhui.ma\/wp-content\/uploads\/2022\/05\/investissement-1-300x153.jpg","fifu_image_alt":"Retour du Maroc \u00e0 l\u2019UA, une nouvelle dynamique panafriciane","footnotes":""},"categories":[73,54],"tags":[],"class_list":["post-148509","post","type-post","status-publish","format-standard","hentry","category-actualite","category-maroc"],"_links":{"self":[{"href":"https:\/\/linitiative.ca\/International\/wp-json\/wp\/v2\/posts\/148509","targetHints":{"allow":["GET"]}}],"collection":[{"href":"https:\/\/linitiative.ca\/International\/wp-json\/wp\/v2\/posts"}],"about":[{"href":"https:\/\/linitiative.ca\/International\/wp-json\/wp\/v2\/types\/post"}],"author":[{"embeddable":true,"href":"https:\/\/linitiative.ca\/International\/wp-json\/wp\/v2\/users\/1759"}],"replies":[{"embeddable":true,"href":"https:\/\/linitiative.ca\/International\/wp-json\/wp\/v2\/comments?post=148509"}],"version-history":[{"count":0,"href":"https:\/\/linitiative.ca\/International\/wp-json\/wp\/v2\/posts\/148509\/revisions"}],"wp:attachment":[{"href":"https:\/\/linitiative.ca\/International\/wp-json\/wp\/v2\/media?parent=148509"}],"wp:term":[{"taxonomy":"category","embeddable":true,"href":"https:\/\/linitiative.ca\/International\/wp-json\/wp\/v2\/categories?post=148509"},{"taxonomy":"post_tag","embeddable":true,"href":"https:\/\/linitiative.ca\/International\/wp-json\/wp\/v2\/tags?post=148509"}],"curies":[{"name":"wp","href":"https:\/\/api.w.org\/{rel}","templated":true}]}}