{"id":148523,"date":"2022-05-24T14:00:00","date_gmt":"2022-05-24T18:00:00","guid":{"rendered":"https:\/\/linitiative.ca\/International\/le-maroc-pour-la-candidature-unique-de-mme-louise-mushikiwabo\/"},"modified":"2022-05-24T14:00:00","modified_gmt":"2022-05-24T18:00:00","slug":"le-maroc-pour-la-candidature-unique-de-mme-louise-mushikiwabo","status":"publish","type":"post","link":"https:\/\/linitiative.ca\/International\/le-maroc-pour-la-candidature-unique-de-mme-louise-mushikiwabo\/","title":{"rendered":"Le Maroc pour la candidature unique de Mme Louise Mushikiwabo"},"content":{"rendered":"<div>\n<p class=\"has-text-align-center has-vivid-cyan-blue-color has-text-color\"><strong>Francophonie<\/strong><\/p>\n<p class=\"has-black-color has-text-color\"><strong>Le Royaume du Maroc propose une candidature unique de l\u2019actuelle secr\u00e9taire g\u00e9n\u00e9rale de la Francophonie Mme Louise Mushikiwabo pour un nouveau mandat en vue de poursuivre les r\u00e9formes engag\u00e9es par l\u2019Organisation, a affirm\u00e9, lundi, le ministre des Affaires \u00e9trang\u00e8res, de la Coop\u00e9ration africaine et des Marocains R\u00e9sidant \u00e0 l\u2019\u00e9tranger, Nasser Bourita.<\/strong><\/p>\n<p class=\"has-black-color has-text-color\">Il s\u2019agit d\u2019une option claire et pragmatique de soumettre une candidature unique au prochain sommet des chefs d\u2019Etat de l\u2019organisation, pr\u00e9vu en Tunisie, en prenant en consid\u00e9ration des circonstances particuli\u00e8res notamment les r\u00e9percussions de la pand\u00e9mie mais \u00e9galement la volont\u00e9 de poursuivre les r\u00e9formes engag\u00e9es par la Francophonie, a soulign\u00e9 M. Bourita qui intervenait en visioconf\u00e9rence, lors de la 41-\u00e8me session extraordinaire de la conf\u00e9rence minist\u00e9rielle de cette organisation.<br \/>Il a fait observer que cette option n\u2019est pas contraire au r\u00e8glement de l\u2019Organisation, insistant sur la n\u00e9cessit\u00e9 de pr\u00e9server l\u2019efficacit\u00e9 et la stabilit\u00e9 des institutions de la Francophonie, tout en poursuivant les r\u00e9formes qui ont \u00e9t\u00e9 men\u00e9es jusqu\u2019\u00e0 pr\u00e9sent par son secr\u00e9taire g\u00e9n\u00e9rale, Mme Louise Mushikiwabo.<br \/>\u00ab\u00a0Nous voulons poursuivre ces r\u00e9formes\u00a0\u00bb, a-t-il insist\u00e9, soutenant que cette option de candidature unique permettra de se focaliser sur la pr\u00e9paration du sommet des chefs d\u2019Etat et de ses enjeux, ainsi que de se concentrer sur la poursuite des r\u00e9formes.<\/p>\n<p class=\"has-black-color has-text-color\">\u201cLe temps qui nous s\u00e9pare du sommet devrait \u00eatre focalis\u00e9 sur un travail de fond\u201d, a dit le ministre, lan\u00e7ant un appel \u00e0 la secr\u00e9taire g\u00e9n\u00e9rale et au secr\u00e9tariat pour \u201cse consacrer \u00e0 la pr\u00e9paration de la vision que nous voulons pour l\u2019organisation \u00e0 l\u2019avenir\u201d.<br \/>M. Bourita a \u00e9galement mis l\u2019accent sur la n\u00e9cessit\u00e9 de se mobiliser pour faire du sommet de la Tunisie un rendez vous important et une \u00e9tape marquante dans l\u2019action de la Francophonie.<br \/>Le ministre a en outre salu\u00e9 la mobilisation des autorit\u00e9s tunisiennes pour faire de ce sommet \u201cune belle r\u00e9union qui tracera la voie pour l\u2019avenir de l\u2019organisation\u201d.<\/p>\n<p>L\u2019article <a rel=\"nofollow\" href=\"http:\/\/albayane.press.ma\/le-maroc-pour-la-candidature-unique-de-mme-louise-mushikiwabo.html\">Le Maroc pour la candidature unique de Mme Louise Mushikiwabo<\/a> est apparu en premier sur <a rel=\"nofollow\" href=\"http:\/\/albayane.press.ma\/\">ALBAYANE<\/a>.<\/p>\n<\/div>\n<p>Auteur: M&rsquo;hammed rahal<br \/>\n<a href=\"http:\/\/albayane.press.ma\/le-maroc-pour-la-candidature-unique-de-mme-louise-mushikiwabo.html\">Cliquez ici pour lire l&rsquo;article depuis sa source.<\/a><\/p>\n","protected":false},"excerpt":{"rendered":"<p>Francophonie Le Royaume du Maroc propose une candidature unique de l\u2019actuelle secr\u00e9taire g\u00e9n\u00e9rale de la Francophonie Mme Louise Mushikiwabo pour un nouveau mandat en vue de poursuivre les r\u00e9formes engag\u00e9es par l\u2019Organisation, a affirm\u00e9, lundi, le ministre des Affaires \u00e9trang\u00e8res, de la Coop\u00e9ration africaine et des Marocains R\u00e9sidant \u00e0 l\u2019\u00e9tranger, Nasser Bourita. Il s\u2019agit d\u2019une [&hellip;]<\/p>\n","protected":false},"author":1760,"featured_media":0,"comment_status":"closed","ping_status":"closed","sticky":false,"template":"","format":"standard","meta":{"fifu_image_url":"","fifu_image_alt":"","footnotes":""},"categories":[73,54],"tags":[],"class_list":["post-148523","post","type-post","status-publish","format-standard","hentry","category-actualite","category-maroc"],"_links":{"self":[{"href":"https:\/\/linitiative.ca\/International\/wp-json\/wp\/v2\/posts\/148523","targetHints":{"allow":["GET"]}}],"collection":[{"href":"https:\/\/linitiative.ca\/International\/wp-json\/wp\/v2\/posts"}],"about":[{"href":"https:\/\/linitiative.ca\/International\/wp-json\/wp\/v2\/types\/post"}],"author":[{"embeddable":true,"href":"https:\/\/linitiative.ca\/International\/wp-json\/wp\/v2\/users\/1760"}],"replies":[{"embeddable":true,"href":"https:\/\/linitiative.ca\/International\/wp-json\/wp\/v2\/comments?post=148523"}],"version-history":[{"count":0,"href":"https:\/\/linitiative.ca\/International\/wp-json\/wp\/v2\/posts\/148523\/revisions"}],"wp:attachment":[{"href":"https:\/\/linitiative.ca\/International\/wp-json\/wp\/v2\/media?parent=148523"}],"wp:term":[{"taxonomy":"category","embeddable":true,"href":"https:\/\/linitiative.ca\/International\/wp-json\/wp\/v2\/categories?post=148523"},{"taxonomy":"post_tag","embeddable":true,"href":"https:\/\/linitiative.ca\/International\/wp-json\/wp\/v2\/tags?post=148523"}],"curies":[{"name":"wp","href":"https:\/\/api.w.org\/{rel}","templated":true}]}}