{"id":148524,"date":"2022-05-24T14:00:00","date_gmt":"2022-05-24T18:00:00","guid":{"rendered":"https:\/\/linitiative.ca\/International\/une-tradition-decadente\/"},"modified":"2022-05-24T14:00:00","modified_gmt":"2022-05-24T18:00:00","slug":"une-tradition-decadente","status":"publish","type":"post","link":"https:\/\/linitiative.ca\/International\/une-tradition-decadente\/","title":{"rendered":"Une tradition d\u00e9cadente"},"content":{"rendered":"<div>\n<p class=\"has-black-color has-text-color\"><strong>Pendant un parcours s\u00e9culaire, nos traditions ont toujours tendance \u00e0 prioriser les valeurs de tol\u00e9rance et de cl\u00e9mence. Il n\u2019y pas plus naturel dans une soci\u00e9t\u00e9 qui croit fermement \u00e0 la sacralit\u00e9 des vertus\u00a0! Certes, on ne peut s\u2019y opposer ni s\u2019en passer. Non plus, on ne peut outrepasser les obligations auxquelles on se plie, depuis qu\u2019on a choisi, avec foi et engagement, de se ranger dans la lign\u00e9e de l\u2019Etat de Droit et des Institutions. C\u2019est donc bien convenu que l\u2019impunit\u00e9 n\u2019a plus de place au sein d\u2019une Nation agissante qui s\u2019est r\u00e9solument investie dans le berceau de la d\u00e9mocratisation et de la modernisation. Personne n\u2019a donc plus le droit de les \u00e9clabousser pour des pr\u00eaches d\u00e9plac\u00e9s. La r\u00e9solution sans r\u00e9serve qui a fait du pays, en plein processus d\u00e9mocratique, en dents de scie toutefois, une entit\u00e9 d\u2019exception, continue \u00e0 s\u2019attacher \u00e0 ses choix vers la justice sociale et le progr\u00e8s tout acabit. Il n\u2019est plus question de s\u2019en d\u00e9rober, de crainte de s\u2019en mordre les doigts et d\u2019en broyer la poussi\u00e8re. La solennit\u00e9 \u00e0 laquelle s\u2019investissent, en fait d\u00e9sormais toutes les constituantes nationales est amen\u00e9e \u00e0 aller jusqu\u2019au bout du parcours. Le bout de chemin que le pays traverse, avec des hauts et des bas, remet d\u2019aplomb la s\u00e9rie de d\u00e9ficits \u00e0 laquelle a \u00e9t\u00e9 soumise toute une nation \u00e0 \u00ab\u00a0la recherche du temps perdu\u00a0\u00bb, pour parapher la fameuse \u0153uvre de Marcel Proust. Aujourd\u2019hui, les aspirations sont telles que les d\u00e9pravations qui infestent le pays ne sont plus \u00e0 m\u00eame de perdurer dans le laxisme et la complaisance. D\u2019autant plus que la dynamique institutionnelle s\u2019est hardiment enclench\u00e9e, au grand bonheur des partisans de la libert\u00e9 et de l\u2019\u00e9quit\u00e9. Seule la justice est habilit\u00e9e, par la force des choses, \u00e0 dire son dernier mot sur des dossiers qui ne tol\u00e8rent plus immixtion ni d\u00e9naturation. Que les fauteurs paient leurs forfaits, en toute \u00e9thique et transparence! Tout appel \u00e0 \u00abl\u2019armistice\u00bb \u00e0 connotation cultuelle n\u2019est, en fait, qu\u2019ing\u00e9rence abusive \u00e0 la jurisprudence et entrave sardonique \u00e0 l\u2019essor escompt\u00e9. Le m\u00e9canisme de r\u00e9pression, tant s\u00e9curitaires que judiciaires, sont appel\u00e9s, pour de bon, \u00e0 s\u2019atteler \u00e0 la besogne. Nombre de faussaires de l\u2019\u00e8re d\u2019\u00e9closion se font \u00e9crouer sous le poids de la protestation de la rue et du basta unanime. Ni la dignit\u00e9 nationale dont les premiers jalons s\u2019incrustent \u00e0 b\u00e2tons rompus ni l\u2019estime sans fronti\u00e8re dont s\u2019enorgueillit le pays dans l\u2019ar\u00e8ne plan\u00e9taire, ne sauraient tol\u00e9rer un tel rel\u00e2chement, au nom de la\u00a0 citation fauss\u00e9e\u00a0: \u00abDieu pardonne ce qui pr\u00e9c\u00e8de!\u00bb. La pr\u00e9servation du fonds public des pr\u00e9dateurs et des rapaces v\u00e9reux, de quelque registre que ce soit, est un devoir national qui n\u2019admet ni occultation ni pardon.<\/strong><\/p>\n<p>L\u2019article <a rel=\"nofollow\" href=\"http:\/\/albayane.press.ma\/une-tradition-decadente.html\">Une tradition d\u00e9cadente<\/a> est apparu en premier sur <a rel=\"nofollow\" href=\"http:\/\/albayane.press.ma\/\">ALBAYANE<\/a>.<\/p>\n<\/div>\n<p>Auteur: M&rsquo;hammed rahal<br \/>\n<a href=\"http:\/\/albayane.press.ma\/une-tradition-decadente.html\">Cliquez ici pour lire l&rsquo;article depuis sa source.<\/a><\/p>\n","protected":false},"excerpt":{"rendered":"<p>Pendant un parcours s\u00e9culaire, nos traditions ont toujours tendance \u00e0 prioriser les valeurs de tol\u00e9rance et de cl\u00e9mence. Il n\u2019y pas plus naturel dans une soci\u00e9t\u00e9 qui croit fermement \u00e0 la sacralit\u00e9 des vertus\u00a0! Certes, on ne peut s\u2019y opposer ni s\u2019en passer. Non plus, on ne peut outrepasser les obligations auxquelles on se plie, [&hellip;]<\/p>\n","protected":false},"author":1760,"featured_media":0,"comment_status":"closed","ping_status":"closed","sticky":false,"template":"","format":"standard","meta":{"fifu_image_url":"","fifu_image_alt":"","footnotes":""},"categories":[73,54],"tags":[],"class_list":["post-148524","post","type-post","status-publish","format-standard","hentry","category-actualite","category-maroc"],"_links":{"self":[{"href":"https:\/\/linitiative.ca\/International\/wp-json\/wp\/v2\/posts\/148524","targetHints":{"allow":["GET"]}}],"collection":[{"href":"https:\/\/linitiative.ca\/International\/wp-json\/wp\/v2\/posts"}],"about":[{"href":"https:\/\/linitiative.ca\/International\/wp-json\/wp\/v2\/types\/post"}],"author":[{"embeddable":true,"href":"https:\/\/linitiative.ca\/International\/wp-json\/wp\/v2\/users\/1760"}],"replies":[{"embeddable":true,"href":"https:\/\/linitiative.ca\/International\/wp-json\/wp\/v2\/comments?post=148524"}],"version-history":[{"count":0,"href":"https:\/\/linitiative.ca\/International\/wp-json\/wp\/v2\/posts\/148524\/revisions"}],"wp:attachment":[{"href":"https:\/\/linitiative.ca\/International\/wp-json\/wp\/v2\/media?parent=148524"}],"wp:term":[{"taxonomy":"category","embeddable":true,"href":"https:\/\/linitiative.ca\/International\/wp-json\/wp\/v2\/categories?post=148524"},{"taxonomy":"post_tag","embeddable":true,"href":"https:\/\/linitiative.ca\/International\/wp-json\/wp\/v2\/tags?post=148524"}],"curies":[{"name":"wp","href":"https:\/\/api.w.org\/{rel}","templated":true}]}}