{"id":148525,"date":"2022-05-24T14:00:00","date_gmt":"2022-05-24T18:00:00","guid":{"rendered":"https:\/\/linitiative.ca\/International\/creation-a-rabat-de-la-subvention-al-qods-dappui-aux-libertes-de-la-presse\/"},"modified":"2022-05-24T14:00:00","modified_gmt":"2022-05-24T18:00:00","slug":"creation-a-rabat-de-la-subvention-al-qods-dappui-aux-libertes-de-la-presse","status":"publish","type":"post","link":"https:\/\/linitiative.ca\/International\/creation-a-rabat-de-la-subvention-al-qods-dappui-aux-libertes-de-la-presse\/","title":{"rendered":"Cr\u00e9ation \u00e0 Rabat de la subvention \u00abAl Qods\u00bb d\u2019appui aux libert\u00e9s de la presse"},"content":{"rendered":"<div>\n<p class=\"has-text-align-center has-vivid-red-color has-text-color\"><strong>Agence Bayt Mal Al Qods<\/strong><\/p>\n<p class=\"has-black-color has-text-color\"><strong>L\u2019Agence Bayt Mal Al Qods a annonc\u00e9, lundi \u00e0 Rabat, la cr\u00e9ation de la subvention \u00ab\u00a0Al Qods\u00a0\u00bb pour le soutien \u00e0 la libert\u00e9 des m\u00e9dias et de la presse en relation avec les questions d\u2019Al Qods et de la Palestine.<\/strong><\/p>\n<p class=\"has-black-color has-text-color\">L\u2019annonce de cette subvention, octroy\u00e9e par l\u2019Observatoire \u00ab\u00a0Rabat\u00a0\u00bb d\u2019observation, de suivi et d\u2019\u00e9valuation, relevant de l\u2019Agence avec comme si\u00e8ge Al Qods Acharif, intervient dans le cadre de la protection des journalistes et des professionnels des m\u00e9dias, toutes sp\u00e9cialit\u00e9s confondues, et de leurs sources d\u2019information, ainsi que dans le cadre des pr\u00e9rogatives de l\u2019Agence Bayt Mal Al Qods Acharif, relevant du Comit\u00e9 Al Qods, en tant qu\u2019institution sociale \u0153uvrant \u00e0 la protection et \u00e0 la pr\u00e9servation du patrimoine civilisationnel de la ville sainte, berceau des trois religions monoth\u00e9istes.<\/p>\n<p class=\"has-black-color has-text-color\">La c\u00e9r\u00e9monie de lancement de cette subvention a \u00e9t\u00e9 \u00e9galement marqu\u00e9e par l\u2019installation du jury du Prix \u00ab\u00a0Al Qods Acharif\u00a0\u00bb d\u2019excellence journalistique dans les m\u00e9dias de d\u00e9veloppement, au profit des \u00e9tudiants des instituts de presse et des m\u00e9dias aussi bien au Maroc qu\u2019en Palestine, au titre de sa premi\u00e8re \u00e9dition baptis\u00e9e au nom de la d\u00e9funte journaliste maqdessie Shireen Abu Akleh.<\/p>\n<p class=\"has-black-color has-text-color\">Pr\u00e9sid\u00e9 par l\u2019ancien ministre de l\u2019\u00e9ducation nationale, l\u2019universitaire Abdallah Saaf, le jury comprend une pl\u00e9iade d\u2019enseignants et de chercheurs dans le domaine des m\u00e9dias et de la presse au Maroc et en Palestine.<\/p>\n<p class=\"has-black-color has-text-color\">A cette occasion, le Directeur charg\u00e9 de la gestion de l\u2019Agence Bayt Mal Al Qods Acharif, M. Mohamed Salem Cherkaoui, a indiqu\u00e9 que cette bourse se veut un hommage \u00e0 la m\u00e9moire des journalistes ayant perdu leur vie pour d\u00e9fendre le devoir de la profession et les valeurs de droit et de justice, ajoutant que feue Shireen Abu Akleh a fait montre durant toute sa carri\u00e8re professionnelle d\u2019humanisme et d\u2019engagement pour faire valoir la v\u00e9rit\u00e9.<\/p>\n<p class=\"has-black-color has-text-color\">Il a expliqu\u00e9 que le choix de la d\u00e9funte journaliste Shireen Abu Akleh pour porter le nom de la premi\u00e8re \u00e9dition du Prix \u00ab\u00a0Al Qods Acharif\u00a0\u00bb d\u2019excellence journalistique tend \u00e0 doter les journalistes \u00e0 Al Qods et en Palestine des techniques et des comp\u00e9tences du travail journalistique. Il a aussi soulign\u00e9 la Haute sollicitude que porte SM le Roi Mohammed VI \u00e0 cette institution et la supervision directe par le Souverain de son action, ce qui a permis de mettre en place des initiatives et des projets innovants au profit de la population maqdessie et de contribuer au renforcement de leur r\u00e9sistance face aux d\u00e9fis de la vie quotidienne, afin de d\u00e9fendre les sacralit\u00e9s de la nation.<\/p>\n<p class=\"has-black-color has-text-color\">Pour sa part, l\u2019ambassadeur de Palestine \u00e0 Rabat, Jamal Al Shobaki, a r\u00e9affirm\u00e9 le r\u00f4le pr\u00e9pond\u00e9rant que joue le Comit\u00e9 Al Qods, sous le leadership de Sa Majest\u00e9 le Roi, pour la d\u00e9fense des valeurs sacr\u00e9es de la oumma, ajoutant que le choix de feue Shireen Abu Akleh pour porter le nom de l\u2019\u00e9dition 2022 de ce prix s\u2019inscrit dans le cadre du soutien constant au peuple palestinien et \u00e0 ses causes justes.<\/p>\n<p class=\"has-black-color has-text-color\">Le diplomate palestinien a, en outre, appel\u00e9 les m\u00e9dias et les journalistes \u00e0 transmettre la v\u00e9rit\u00e9 sur les conditions en Palestine, relevant la n\u00e9cessit\u00e9 d\u2019une solidarit\u00e9 sans faille pour soutenir le peuple et la cause palestiniens.<\/p>\n<p class=\"has-black-color has-text-color\">L\u2019assistance a, par la suite, suivi par visio-conf\u00e9rence, les t\u00e9moignages d\u2019\u00e9minentes personnalit\u00e9s maqdessies, dans lesquels elles ont affirm\u00e9 que le choix de la d\u00e9funte journaliste Shireen Abu Akleh pour porter le nom de la premi\u00e8re \u00e9dition du Prix \u00ab\u00a0Al Qods Acharif\u00a0\u00bb de l\u2019excellence journalistique incarne la solidarit\u00e9 constante du Maroc avec le peuple palestinien.<\/p>\n<p class=\"has-black-color has-text-color\">Elles ont aussi exprim\u00e9 leurs vifs remerciements et leur profonde gratitude \u00e0 SM le Roi Mohammed VI, Pr\u00e9sident du Comit\u00e9 Al-Qods, pour les efforts que le Souverain ne cesse de d\u00e9ployer pour la d\u00e9fense de la ville sainte et de ses habitants et la pr\u00e9servation de son identit\u00e9 civilisationnelle.<\/p>\n<p class=\"has-black-color has-text-color\">Dans ce sens, l\u2019archev\u00eaque Munib Younan, de l\u2019\u00c9glise \u00e9vang\u00e9lique luth\u00e9rienne \u00e0 Al-Qods, a exprim\u00e9 ses remerciements \u00e0 l\u2019Agence Bayt Mal Al-Qods Acharif pour l\u2019avoir invit\u00e9 \u00e0 prendre part \u00e0 cet hommage \u00ab\u00a0bien m\u00e9rit\u00e9\u00a0\u00bb \u00e0 la m\u00e9moire de la journaliste palestinienne.<\/p>\n<p class=\"has-black-color has-text-color\">Il a \u00e9galement fait part de sa gratitude \u00e0 SM le Roi, qui d\u00e9fend Al-Qods, dans toutes Ses prises de position et Ses discours, et place la ville sainte \u00e0 la t\u00eate de Ses priorit\u00e9s, soulignant qu\u2019Al Qods et les Maqdessis ont besoin du soutien continu du Maroc.<\/p>\n<p class=\"has-black-color has-text-color\">L\u2019archev\u00eaque Munib Younan a, en outre, transmis les remerciements de M. Antoine Abu Akleh \u00e0 SM le Roi et \u00e0 l\u2019Agence Bayt Mal Al-Qods, au nom de la famille de la journaliste d\u00e9funte Shireen Abu Akleh, pour cet hommage qu\u2019il a qualifi\u00e9 d&rsquo;\u00a0\u00bbhommage \u00e0 l\u2019ensemble du peuple palestinien\u00a0\u00bb.<\/p>\n<p class=\"has-black-color has-text-color\">De son c\u00f4t\u00e9, l\u2019archev\u00eaque de Sebastia du Patriarcat grec orthodoxe, Hanna Atallah, a qualifi\u00e9 cette c\u00e9r\u00e9monie organis\u00e9e \u00e0 la m\u00e9moire de feue Shireen Abu Akleh d&rsquo;\u00a0\u00bbhommage \u00e0 l\u2019humanit\u00e9\u00a0\u00bb, exprimant sa consid\u00e9ration pour le r\u00f4le jou\u00e9 par le bureau de l\u2019Agence Bayt Mal Al-Qods Acharif dans la ville sainte, ce qui traduit la pr\u00e9sence qualitative du Royaume parmi les Maqdessis, qui ont besoin de toutes les formes de soutien et d\u2019appui dans ces circonstances difficiles.<\/p>\n<p class=\"has-black-color has-text-color\">Il a, en outre, exprim\u00e9 ses profonds remerciements \u00e0 SM le Roi, qui a constamment soutenu la ville d\u2019Al Qods et sa population, \u00e0 travers l\u2019Agence Bayt Mal Al-Qods Acharif, faisant part de sa gratitude au Souverain pour cet hommage d\u00e9di\u00e9 \u00e0 la m\u00e9moire de la journaliste maqdessie, Shireen Abu Akleh, par l\u2019interm\u00e9diaire du bureau de l\u2019Agence \u00e0 Al Qods, dont la pr\u00e9sence constitue une source de force pour remonter le moral des habitants de la ville sainte.<\/p>\n<p class=\"has-black-color has-text-color\">Et l\u2019archev\u00eaque de conclure que les principes pour lesquels la journaliste maqdessie a perdu la vie doivent inspirer tout un chacun pour davantage de travail et de pers\u00e9v\u00e9rance en vue de porter haut les valeurs de droit, de justice et de paix, tout en louant les qualit\u00e9s humaines de de la d\u00e9funte et sa d\u00e9fense farouche de la cause palestinienne.<\/p>\n<p class=\"has-black-color has-text-color\">Le prix \u00ab\u00a0Al Qods Acharif\u00a0\u00bb d\u2019excellence journalistique dans les m\u00e9dias de d\u00e9veloppement a \u00e9t\u00e9 lanc\u00e9, en f\u00e9vrier, au profit des \u00e9tudiants de licence et de master de l\u2019Institut sup\u00e9rieur de l\u2019information et de la communication (ISIC) et du d\u00e9partement de l\u2019information \u00e0 l\u2019Universit\u00e9 Al-Qods Acharif.<\/p>\n<p class=\"has-black-color has-text-color\">Ce prix, fruit du partenariat entre l\u2019agence Bayt Mal Al-Qods Acharif et l\u2019ISIC, d\u2019un c\u00f4t\u00e9, et l\u2019Institut de l\u2019information moderne de l\u2019Universit\u00e9 Al Qods Acharif, de l\u2019autre, vise \u00e0 encourager les recherches et \u00e9tudes relatives \u00e0 la ville sainte et \u00e0 sensibiliser davantage les g\u00e9n\u00e9rations montantes quant \u00e0 la cause palestinienne.<\/p>\n<p>L\u2019article <a rel=\"nofollow\" href=\"http:\/\/albayane.press.ma\/creation-a-rabat-de-la-subvention-al-qods-dappui-aux-libertes-de-la-presse.html\">Cr\u00e9ation \u00e0 Rabat de la subvention \u00abAl Qods\u00bb d\u2019appui aux libert\u00e9s de la presse<\/a> est apparu en premier sur <a rel=\"nofollow\" href=\"http:\/\/albayane.press.ma\/\">ALBAYANE<\/a>.<\/p>\n<\/div>\n<p>Auteur: M&rsquo;hammed rahal<br \/>\n<a href=\"http:\/\/albayane.press.ma\/creation-a-rabat-de-la-subvention-al-qods-dappui-aux-libertes-de-la-presse.html\">Cliquez ici pour lire l&rsquo;article depuis sa source.<\/a><\/p>\n","protected":false},"excerpt":{"rendered":"<p>Agence Bayt Mal Al Qods L\u2019Agence Bayt Mal Al Qods a annonc\u00e9, lundi \u00e0 Rabat, la cr\u00e9ation de la subvention \u00ab\u00a0Al Qods\u00a0\u00bb pour le soutien \u00e0 la libert\u00e9 des m\u00e9dias et de la presse en relation avec les questions d\u2019Al Qods et de la Palestine. L\u2019annonce de cette subvention, octroy\u00e9e par l\u2019Observatoire \u00ab\u00a0Rabat\u00a0\u00bb d\u2019observation, de [&hellip;]<\/p>\n","protected":false},"author":1760,"featured_media":0,"comment_status":"closed","ping_status":"closed","sticky":false,"template":"","format":"standard","meta":{"fifu_image_url":"","fifu_image_alt":"","footnotes":""},"categories":[73,54],"tags":[],"class_list":["post-148525","post","type-post","status-publish","format-standard","hentry","category-actualite","category-maroc"],"_links":{"self":[{"href":"https:\/\/linitiative.ca\/International\/wp-json\/wp\/v2\/posts\/148525","targetHints":{"allow":["GET"]}}],"collection":[{"href":"https:\/\/linitiative.ca\/International\/wp-json\/wp\/v2\/posts"}],"about":[{"href":"https:\/\/linitiative.ca\/International\/wp-json\/wp\/v2\/types\/post"}],"author":[{"embeddable":true,"href":"https:\/\/linitiative.ca\/International\/wp-json\/wp\/v2\/users\/1760"}],"replies":[{"embeddable":true,"href":"https:\/\/linitiative.ca\/International\/wp-json\/wp\/v2\/comments?post=148525"}],"version-history":[{"count":0,"href":"https:\/\/linitiative.ca\/International\/wp-json\/wp\/v2\/posts\/148525\/revisions"}],"wp:attachment":[{"href":"https:\/\/linitiative.ca\/International\/wp-json\/wp\/v2\/media?parent=148525"}],"wp:term":[{"taxonomy":"category","embeddable":true,"href":"https:\/\/linitiative.ca\/International\/wp-json\/wp\/v2\/categories?post=148525"},{"taxonomy":"post_tag","embeddable":true,"href":"https:\/\/linitiative.ca\/International\/wp-json\/wp\/v2\/tags?post=148525"}],"curies":[{"name":"wp","href":"https:\/\/api.w.org\/{rel}","templated":true}]}}