{"id":148527,"date":"2022-05-25T08:50:00","date_gmt":"2022-05-25T12:50:00","guid":{"rendered":"https:\/\/linitiative.ca\/International\/vahid-officialise-le-retour-de-mazraoui-harit-et-taarabt\/"},"modified":"2022-05-25T08:50:00","modified_gmt":"2022-05-25T12:50:00","slug":"vahid-officialise-le-retour-de-mazraoui-harit-et-taarabt","status":"publish","type":"post","link":"https:\/\/linitiative.ca\/International\/vahid-officialise-le-retour-de-mazraoui-harit-et-taarabt\/","title":{"rendered":"Vahid officialise le retour de Mazraoui, Harit et Taarabt"},"content":{"rendered":"<div>\n<p class=\"has-text-align-center has-vivid-red-color has-text-color\"><strong>F\u00e9d\u00e9ration Royale Marocaine de Football<\/strong><\/p>\n<p class=\"has-text-align-right has-black-color has-text-color\"><strong>Oussama Zidouhia<\/strong><\/p>\n<p class=\"has-black-color has-text-color\"><strong>Le s\u00e9lectionneur national, Vahid Halilhodzic, a d\u00e9voil\u00e9 lors de la conf\u00e9rence de presse qui a eu lieu au complexe Mohammed VI de football, la liste de 24 joueurs convoqu\u00e9s pour participer aux trois prochains matchs du Maroc contre les Etats-Unis, l\u2019Afrique du Sud et le Lib\u00e9ria.<\/strong><\/p>\n<p class=\"has-black-color has-text-color\">En effet, \u00e0 l\u2019approche des \u00e9liminatoires de la Coupe d\u2019Afrique des Nations 2023, les Lions de l\u2019Atlas se pr\u00e9parent \u00e0 affronter l\u2019Afrique du Sud (jeudi 9 juin) au Complexe Moulay Abdellah de Rabat et le Lib\u00e9ria (lundi 13 juin) au Complexe Mohammed V de Casablanca.<\/p>\n<p class=\"has-black-color has-text-color\">Pour le compte des pr\u00e9paratifs pour la Coupe du Monde Qatar 2022, le Maroc affrontera les Etats-Unis (le 1er juin \u00e0 Cincinnati).<\/p>\n<p class=\"has-black-color has-text-color\"><strong>R\u00e9sum\u00e9 des d\u00e9clarations du coach national\u00a0:<\/strong><\/p>\n<p class=\"has-black-color has-text-color\">\u00ab\u00a0J\u2019ai d\u00e9j\u00e0 qualifi\u00e9 4 \u00e9quipes \u00e0 la Coupe du monde. Pourtant j\u2019entendais toutes les critiques. Je ne comprenais pas\u2026 Pourquoi tout \u00e7a sur moi ? Peut-\u00eatre parce que je suis moche. On m\u2019a dit que j\u2019\u00e9tais un vieux qui ne comprenait rien au football\u2026\u00a0\u00bb<\/p>\n<p class=\"has-black-color has-text-color\">\u00ab\u00a0Il n\u2019y a plus d\u2019histoires de chichas, de Playstation, de soir\u00e9es arros\u00e9es, on s\u2019entraine maintenant !\u00a0\u00bb<\/p>\n<p class=\"has-black-color has-text-color\">\u00ab\u00a0On a donn\u00e9 de l\u2019importance \u00e0 des personnes qui n\u2019\u00e9taient pas l\u00e0, qui refusent l\u2019\u00e9quipe nationale !\u00a0\u00bb<\/p>\n<p class=\"has-black-color has-text-color\">\u00ab\u00a0La s\u00e9lection c\u2019est sacr\u00e9 ! Personne n\u2019est au dessus de \u00e7a, je sais ce qui se passe.\u00a0\u00bb<\/p>\n<p class=\"has-black-color has-text-color\">\u00ab\u00a0J\u2019ai taquin\u00e9 les joueurs qui ne chantaient pas l\u2019hymne national. Depuis, \u00e7a a chang\u00e9 radicalement\u00a0\u00bb<\/p>\n<p class=\"has-black-color has-text-color\">\u00ab\u00a0L\u2019ambiance qui c\u00e9dait quand je suis arriv\u00e9 n\u2019\u00e9tait pas bonne. Mais maintenant il y a une culture de travail, une culture de la gagne.\u00a0\u00bb<\/p>\n<p class=\"has-black-color has-text-color\">\u00ab\u00a0Ce qui m\u2019a fait le plus mal, et \u00e0 ma famille aussi, c\u2019est le mensonge et les accusations scandaleuses qui affirment que j\u2019ai insult\u00e9 le peuple marocain.\u00a0\u00bb<\/p>\n<p class=\"has-black-color has-text-color\">\u00ab\u00a0Aujourd\u2019hui, il n\u2019y a plus de clans. Ce qui se passe entre le groupe est ph\u00e9nom\u00e9nal. En 40 jours de CAN, il n\u2019y a pas eu le moindre probl\u00e8me.\u00a0\u00bb<\/p>\n<p class=\"has-black-color has-text-color\">\u00ab\u00a0En Coupe du Monde, il faut \u00eatre tr\u00e8s performant sur les coups de pieds arr\u00eat\u00e9s. Il faut \u00eatre pr\u00eat techniquement et tactiquement.\u00a0\u00bb<\/p>\n<p class=\"has-black-color has-text-color\">\u00ab\u00a0Certains disent: on a rat\u00e9 la CAN, Absurdit\u00e9 totale! Au Cameroun nous avons fini cinqui\u00e8mes, mais nous manquions d\u2019exp\u00e9rience.\u00a0\u00bb<\/p>\n<p class=\"has-black-color has-text-color\">\u00ab\u00a0\u00c0 mon arriv\u00e9e, j\u2019avais deux principaux objectifs: la qualification pour la Coupe du Monde et la CAN. Mais quelque chose s\u2019est cr\u00e9\u00e9e l\u00e0-bas. Un groupe. Tout le monde appr\u00e9cie le style du Maroc.\u00a0\u00bb<\/p>\n<p class=\"has-black-color has-text-color\">\u00ab\u00a0Mustapha Hadji m\u2019a beaucoup d\u00e9\u00e7u. Je ne m\u2019attendais pas \u00e0 \u00e7a de lui. Il a jou\u00e9 un double jeu. Son comportement, je n\u2019ai pas beaucoup appr\u00e9ci\u00e9. Je lui faisais confiance. C\u2019est ma faute, je l\u2019avais choisi. C\u2019est triste.\u00a0\u00bb<\/p>\n<p class=\"has-black-color has-text-color\">\u00ab\u00a0Il y aura un rempla\u00e7ant de Hadji, j\u2019ai besoin de renforcer mon staff avant la Coupe du Monde. \u00bb<\/p>\n<p class=\"has-black-color has-text-color\">\u00ab\u00a0 Vous me demandez pourquoi certains joueurs qui jouent peu sont s\u00e9lectionn\u00e9s. Barkok, par exemple, on me dit qu\u2019il ne joue pas assez. Mais il a jou\u00e9 dans une \u00e9quipe qui a gagn\u00e9 une Coupe d\u2019Europe\u00a0\u00bb.<\/p>\n<p class=\"has-black-color has-text-color\"><strong>La liste de Vahid Halilhodzic :<\/strong><\/p>\n<p class=\"has-black-color has-text-color\"><strong>Gardiens:<\/strong> Yassine Bounou \u2013 Munir Mohamedi \u2013 Anas Zniti<\/p>\n<p class=\"has-black-color has-text-color\"><strong>D\u00e9fenseurs:<\/strong> Achraf Hakimi \u2013 Noussair Mazraoui \u2013 Sofiane Alakouch \u2013 Adam Masina \u2013 Sofian Chakla \u2013 Samy Mmaee \u2013 Romain Saiss -Nayef Aguerd<\/p>\n<p class=\"has-black-color has-text-color\"><strong>Milieux de terrain:<\/strong> Sofyan Amrabet, Fay\u00e7al Fajr, Adel Taarabt Selim Amallah \u2013 Ilias Chair \u2013 Azzedine Ounahi \u2013 Aymen Barkok<\/p>\n<p class=\"has-black-color has-text-color\"><strong>Attaquants:<\/strong> Soufiane Rahimi \u2013 Amine Harit \u2013 Munir El Haddadi \u2013 Ayoub El Kaabi \u2013 Youssef En-Nesyri -Tarik Tissoudali \u2013 Zakaria Aboukhlal<\/p>\n<p class=\"has-black-color has-text-color\">A noter que les d\u00e9fenseurs Yahya Attiat Allah (Wydad), et Jawad El Yamiq (Real Valladolid), rejoindrons la s\u00e9lection nationale le 2 Juin.<\/p>\n<p>L\u2019article <a rel=\"nofollow\" href=\"http:\/\/albayane.press.ma\/vahid-officialise-le-retour-de-mazraoui-harit-et-taarabt.html\">Vahid officialise le retour de Mazraoui, Harit et Taarabt<\/a> est apparu en premier sur <a rel=\"nofollow\" href=\"http:\/\/albayane.press.ma\/\">ALBAYANE<\/a>.<\/p>\n<\/div>\n<p>Auteur: M&rsquo;hammed rahal<br \/>\n<a href=\"http:\/\/albayane.press.ma\/vahid-officialise-le-retour-de-mazraoui-harit-et-taarabt.html\">Cliquez ici pour lire l&rsquo;article depuis sa source.<\/a><\/p>\n","protected":false},"excerpt":{"rendered":"<p>F\u00e9d\u00e9ration Royale Marocaine de Football Oussama Zidouhia Le s\u00e9lectionneur national, Vahid Halilhodzic, a d\u00e9voil\u00e9 lors de la conf\u00e9rence de presse qui a eu lieu au complexe Mohammed VI de football, la liste de 24 joueurs convoqu\u00e9s pour participer aux trois prochains matchs du Maroc contre les Etats-Unis, l\u2019Afrique du Sud et le Lib\u00e9ria. En effet, [&hellip;]<\/p>\n","protected":false},"author":1760,"featured_media":0,"comment_status":"closed","ping_status":"closed","sticky":false,"template":"","format":"standard","meta":{"fifu_image_url":"","fifu_image_alt":"","footnotes":""},"categories":[73,54],"tags":[],"class_list":["post-148527","post","type-post","status-publish","format-standard","hentry","category-actualite","category-maroc"],"_links":{"self":[{"href":"https:\/\/linitiative.ca\/International\/wp-json\/wp\/v2\/posts\/148527","targetHints":{"allow":["GET"]}}],"collection":[{"href":"https:\/\/linitiative.ca\/International\/wp-json\/wp\/v2\/posts"}],"about":[{"href":"https:\/\/linitiative.ca\/International\/wp-json\/wp\/v2\/types\/post"}],"author":[{"embeddable":true,"href":"https:\/\/linitiative.ca\/International\/wp-json\/wp\/v2\/users\/1760"}],"replies":[{"embeddable":true,"href":"https:\/\/linitiative.ca\/International\/wp-json\/wp\/v2\/comments?post=148527"}],"version-history":[{"count":0,"href":"https:\/\/linitiative.ca\/International\/wp-json\/wp\/v2\/posts\/148527\/revisions"}],"wp:attachment":[{"href":"https:\/\/linitiative.ca\/International\/wp-json\/wp\/v2\/media?parent=148527"}],"wp:term":[{"taxonomy":"category","embeddable":true,"href":"https:\/\/linitiative.ca\/International\/wp-json\/wp\/v2\/categories?post=148527"},{"taxonomy":"post_tag","embeddable":true,"href":"https:\/\/linitiative.ca\/International\/wp-json\/wp\/v2\/tags?post=148527"}],"curies":[{"name":"wp","href":"https:\/\/api.w.org\/{rel}","templated":true}]}}