{"id":148528,"date":"2022-05-25T13:49:13","date_gmt":"2022-05-25T17:49:13","guid":{"rendered":"https:\/\/linitiative.ca\/International\/previsions-meteorologiques-pour-le-jeudi-26-mai-2022\/"},"modified":"2022-05-25T13:49:13","modified_gmt":"2022-05-25T17:49:13","slug":"previsions-meteorologiques-pour-le-jeudi-26-mai-2022","status":"publish","type":"post","link":"https:\/\/linitiative.ca\/International\/previsions-meteorologiques-pour-le-jeudi-26-mai-2022\/","title":{"rendered":"Pr\u00e9visions m\u00e9t\u00e9orologiques pour le jeudi 26 mai 2022"},"content":{"rendered":"<div>\n<div style=\"margin-bottom:20px;\"><img loading=\"lazy\" decoding=\"async\" width=\"750\" height=\"430\" src=\"https:\/\/linitiative.ca\/International\/wp-content\/uploads\/sites\/23\/2022\/05\/soleil-2-2-1.jpg\" class=\"attachment-post-thumbnail size-post-thumbnail wp-post-image\" alt=\"\" srcset=\"https:\/\/linitiative.ca\/International\/wp-content\/uploads\/sites\/23\/2022\/05\/soleil-2-2-1.jpg 750w, https:\/\/www.mapmarrakech.ma\/map\/uploads\/2022\/05\/soleil-2-2-300x172.jpg 300w\" sizes=\"auto, (max-width: 750px) 100vw, 750px\"><\/div>\n<p>\u2013 Temp\u00e9ratures maximales en hausse avec un temps assez chaud sur les plaines int\u00e9rieures nord et centre, l\u2019int\u00e9rieur des provinces du Sud et le Sud-Est.<\/p>\n<p>\u2013 Formations brumeuses sur les c\u00f4tes nord et centre et la rive m\u00e9diterran\u00e9enne.<\/p>\n<p>\u2013 Ond\u00e9es \u00e9parses et orages isol\u00e9s sur les Haut et Anti-Atlas et les r\u00e9gions sud.<\/p>\n<p>\u2013 Rafales de vent localement assez fortes sur le Tang\u00e9rois.<\/p>\n<p>\u2013 Temp\u00e9ratures minimales de l\u2019ordre de 07\/12\u00b0C sur l\u2019Atlas et le Rif, de 22\/28\u00b0C sur l\u2019extr\u00eame sud-est et le sud des provinces du Sud, 13\/17\u00b0C sur l\u2019Oriental et de 16\/21\u00b0C ailleurs.<\/p>\n<p>\u2013 Temp\u00e9ratures maximales en hausse.<\/p>\n<p>\u2013 Mer peu agit\u00e9e \u00e0 agit\u00e9e en M\u00e9diterran\u00e9e, sur le D\u00e9troit et le long du littoral.<\/p>\n<p>The post <a rel=\"nofollow\" href=\"https:\/\/www.mapmarrakech.ma\/fr\/previsions-meteorologiques-pour-le-jeudi-26-mai-2022\/\">Pr\u00e9visions m\u00e9t\u00e9orologiques pour le jeudi 26 mai 2022<\/a> appeared first on <a rel=\"nofollow\" href=\"https:\/\/www.mapmarrakech.ma\/fr\">MapMarrakech<\/a>.<\/p>\n<\/div>\n<p>Auteur: Meriem IGASS<br \/>\n<a href=\"https:\/\/www.mapmarrakech.ma\/fr\/previsions-meteorologiques-pour-le-jeudi-26-mai-2022\/\">Cliquez ici pour lire l&rsquo;article depuis sa source.<\/a><\/p>\n","protected":false},"excerpt":{"rendered":"<p>\u2013 Temp\u00e9ratures maximales en hausse avec un temps assez chaud sur les plaines int\u00e9rieures nord et centre, l\u2019int\u00e9rieur des provinces du Sud et le Sud-Est. \u2013 Formations brumeuses sur les c\u00f4tes nord et centre et la rive m\u00e9diterran\u00e9enne. \u2013 Ond\u00e9es \u00e9parses et orages isol\u00e9s sur les Haut et Anti-Atlas et les r\u00e9gions sud. \u2013 Rafales [&hellip;]<\/p>\n","protected":false},"author":1788,"featured_media":0,"comment_status":"closed","ping_status":"closed","sticky":false,"template":"","format":"standard","meta":{"fifu_image_url":"https:\/\/www.mapmarrakech.ma\/map\/uploads\/2022\/05\/soleil-2-2.jpg","fifu_image_alt":"Pr\u00e9visions m\u00e9t\u00e9orologiques pour le jeudi 26 mai 2022","footnotes":""},"categories":[54,76],"tags":[],"class_list":["post-148528","post","type-post","status-publish","format-standard","hentry","category-maroc","category-regions"],"_links":{"self":[{"href":"https:\/\/linitiative.ca\/International\/wp-json\/wp\/v2\/posts\/148528","targetHints":{"allow":["GET"]}}],"collection":[{"href":"https:\/\/linitiative.ca\/International\/wp-json\/wp\/v2\/posts"}],"about":[{"href":"https:\/\/linitiative.ca\/International\/wp-json\/wp\/v2\/types\/post"}],"author":[{"embeddable":true,"href":"https:\/\/linitiative.ca\/International\/wp-json\/wp\/v2\/users\/1788"}],"replies":[{"embeddable":true,"href":"https:\/\/linitiative.ca\/International\/wp-json\/wp\/v2\/comments?post=148528"}],"version-history":[{"count":0,"href":"https:\/\/linitiative.ca\/International\/wp-json\/wp\/v2\/posts\/148528\/revisions"}],"wp:attachment":[{"href":"https:\/\/linitiative.ca\/International\/wp-json\/wp\/v2\/media?parent=148528"}],"wp:term":[{"taxonomy":"category","embeddable":true,"href":"https:\/\/linitiative.ca\/International\/wp-json\/wp\/v2\/categories?post=148528"},{"taxonomy":"post_tag","embeddable":true,"href":"https:\/\/linitiative.ca\/International\/wp-json\/wp\/v2\/tags?post=148528"}],"curies":[{"name":"wp","href":"https:\/\/api.w.org\/{rel}","templated":true}]}}