{"id":148530,"date":"2022-05-25T08:45:13","date_gmt":"2022-05-25T12:45:13","guid":{"rendered":"https:\/\/linitiative.ca\/International\/variole-du-singe-les-trois-cas-suspects-detectes-sont-negatifs\/"},"modified":"2022-05-25T08:45:13","modified_gmt":"2022-05-25T12:45:13","slug":"variole-du-singe-les-trois-cas-suspects-detectes-sont-negatifs","status":"publish","type":"post","link":"https:\/\/linitiative.ca\/International\/variole-du-singe-les-trois-cas-suspects-detectes-sont-negatifs\/","title":{"rendered":"Variole du singe : les trois cas suspects d\u00e9tect\u00e9s sont n\u00e9gatifs"},"content":{"rendered":"<div>\n<div style=\"margin-bottom:20px;\"><img loading=\"lazy\" decoding=\"async\" width=\"750\" height=\"430\" src=\"https:\/\/linitiative.ca\/International\/wp-content\/uploads\/sites\/23\/2022\/05\/SiC3A8ge-du-MinistC3A8re-de-la-SantC3A9-750C397430-MAP-1.jpg\" class=\"attachment-post-thumbnail size-post-thumbnail wp-post-image\" alt=\"\" srcset=\"https:\/\/linitiative.ca\/International\/wp-content\/uploads\/sites\/23\/2022\/05\/SiC3A8ge-du-MinistC3A8re-de-la-SantC3A9-750C397430-MAP-1.jpg 750w, https:\/\/www.mapoujda.ma\/map\/uploads\/2021\/12\/Si\u00e8ge-du-Minist\u00e8re-de-la-Sant\u00e9-750\u00d7430-MAP-1-300x172.jpg 300w\" sizes=\"auto, (max-width: 750px) 100vw, 750px\"><\/div>\n<p style=\"text-align: justify;\">Les r\u00e9sultats de laboratoire des trois cas suspects de variole du singe enregistr\u00e9s au Maroc sont n\u00e9gatifs, affirme mercredi le minist\u00e8re de la Sant\u00e9 et de la Protection sociale.<\/p>\n<p style=\"text-align: justify;\">Les trois cas suspects se sont r\u00e9v\u00e9l\u00e9s n\u00e9gatifs \u00e0 l\u2019issue des analyses de laboratoire effectu\u00e9es \u00e0 l\u2019h\u00f4pital militaire Ibn Sina de Marrakech, pr\u00e9cise le minist\u00e8re dans un communiqu\u00e9, ajoutant que les cas suspects plac\u00e9s sous surveillance m\u00e9dicale sont en bonne sant\u00e9 et pris en charge conform\u00e9ment aux proc\u00e9dures sanitaires en vigueur.<\/p>\n<p style=\"text-align: justify;\">Il a assur\u00e9 que, sur la base des donn\u00e9es \u00e9pid\u00e9miologiques, aucun cas confirm\u00e9 de variole du singe n\u2019a \u00e9t\u00e9 enregistr\u00e9 au Maroc \u00e0 ce jour.<\/p>\n<p style=\"text-align: justify;\">Le minist\u00e8re de la Sant\u00e9 et de la protection sociale a r\u00e9agi rapidement en mettant en place un syst\u00e8me de suivi \u00e9pid\u00e9miologique et de surveillance des cas suspects de la maladie, les analyses de laboratoire \u00e9tant r\u00e9alis\u00e9es \u00e0 la fois \u00e0 l\u2019Institut national d\u2019hygi\u00e8ne et dans les laboratoires militaires.<\/p>\n<p style=\"text-align: justify;\">Il a \u00e9t\u00e9 d\u2019autre part proc\u00e9d\u00e9 \u00e0 la formation des cadres de la sant\u00e9 sur cette maladie qui n\u2019a jamais \u00e9t\u00e9 d\u00e9tect\u00e9e dans le Royaume.<\/p>\n<p style=\"text-align: justify;\">En outre, les services de la Direction de l\u2019\u00e9pid\u00e9miologie et de la lutte contre les maladies au minist\u00e8re prennent les mesures n\u00e9cessaires \u00e0 cet effet, dans le respect des normes nationales et internationales de s\u00e9curit\u00e9 sanitaire.<\/p>\n<p style=\"text-align: justify;\">Le minist\u00e8re affirme qu\u2019il va continuer \u00e0 communiquer avec l\u2019opinion publique pour l\u2019informer de l\u2019\u00e9volution sanitaire en lien avec cette alerte sanitaire mondiale.<\/p>\n<p>L\u2019article <a rel=\"nofollow\" href=\"https:\/\/www.mapoujda.ma\/fr\/variole-du-singe-les-trois-cas-suspects-detectes-sont-negatifs\/\">Variole du singe : les trois cas suspects d\u00e9tect\u00e9s sont n\u00e9gatifs<\/a> est apparu en premier sur <a rel=\"nofollow\" href=\"https:\/\/www.mapoujda.ma\/fr\">MapOujda<\/a>.<\/p>\n<\/div>\n<p>Auteur: Soufiane ELAHMAR<br \/>\n<a href=\"https:\/\/www.mapoujda.ma\/fr\/variole-du-singe-les-trois-cas-suspects-detectes-sont-negatifs\/\">Cliquez ici pour lire l&rsquo;article depuis sa source.<\/a><\/p>\n","protected":false},"excerpt":{"rendered":"<p>Les r\u00e9sultats de laboratoire des trois cas suspects de variole du singe enregistr\u00e9s au Maroc sont n\u00e9gatifs, affirme mercredi le minist\u00e8re de la Sant\u00e9 et de la Protection sociale. Les trois cas suspects se sont r\u00e9v\u00e9l\u00e9s n\u00e9gatifs \u00e0 l\u2019issue des analyses de laboratoire effectu\u00e9es \u00e0 l\u2019h\u00f4pital militaire Ibn Sina de Marrakech, pr\u00e9cise le minist\u00e8re dans [&hellip;]<\/p>\n","protected":false},"author":1788,"featured_media":0,"comment_status":"closed","ping_status":"closed","sticky":false,"template":"","format":"standard","meta":{"fifu_image_url":"https:\/\/www.mapoujda.ma\/map\/uploads\/2021\/12\/Si\u00e8ge-du-Minist\u00e8re-de-la-Sant\u00e9-750\u00d7430-MAP-1.jpg","fifu_image_alt":"Variole du singe : les trois cas suspects d\u00e9tect\u00e9s sont n\u00e9gatifs","footnotes":""},"categories":[54,76],"tags":[],"class_list":["post-148530","post","type-post","status-publish","format-standard","hentry","category-maroc","category-regions"],"_links":{"self":[{"href":"https:\/\/linitiative.ca\/International\/wp-json\/wp\/v2\/posts\/148530","targetHints":{"allow":["GET"]}}],"collection":[{"href":"https:\/\/linitiative.ca\/International\/wp-json\/wp\/v2\/posts"}],"about":[{"href":"https:\/\/linitiative.ca\/International\/wp-json\/wp\/v2\/types\/post"}],"author":[{"embeddable":true,"href":"https:\/\/linitiative.ca\/International\/wp-json\/wp\/v2\/users\/1788"}],"replies":[{"embeddable":true,"href":"https:\/\/linitiative.ca\/International\/wp-json\/wp\/v2\/comments?post=148530"}],"version-history":[{"count":0,"href":"https:\/\/linitiative.ca\/International\/wp-json\/wp\/v2\/posts\/148530\/revisions"}],"wp:attachment":[{"href":"https:\/\/linitiative.ca\/International\/wp-json\/wp\/v2\/media?parent=148530"}],"wp:term":[{"taxonomy":"category","embeddable":true,"href":"https:\/\/linitiative.ca\/International\/wp-json\/wp\/v2\/categories?post=148530"},{"taxonomy":"post_tag","embeddable":true,"href":"https:\/\/linitiative.ca\/International\/wp-json\/wp\/v2\/tags?post=148530"}],"curies":[{"name":"wp","href":"https:\/\/api.w.org\/{rel}","templated":true}]}}