{"id":148533,"date":"2022-05-25T09:11:14","date_gmt":"2022-05-25T13:11:14","guid":{"rendered":"https:\/\/linitiative.ca\/International\/couverture-medicale-des-agriculteurs-4-conventions-de-partenariat-signees\/"},"modified":"2022-05-25T09:11:14","modified_gmt":"2022-05-25T13:11:14","slug":"couverture-medicale-des-agriculteurs-4-conventions-de-partenariat-signees","status":"publish","type":"post","link":"https:\/\/linitiative.ca\/International\/couverture-medicale-des-agriculteurs-4-conventions-de-partenariat-signees\/","title":{"rendered":"Couverture m\u00e9dicale des agriculteurs : 4 conventions de partenariat sign\u00e9es"},"content":{"rendered":"<div>\n<div class=\"field field-name-body field-type-text-with-summary field-label-hidden\">\n<div class=\"field-items\">\n<div class=\"field-item even\" property=\"content:encoded\">\n<p class=\"rtejustify\">Quatre conventions de partenariat ont \u00e9t\u00e9 sign\u00e9es, mercredi \u00e0 Rabat, dans le but d&rsquo;acc\u00e9l\u00e9rer l&rsquo;op\u00e9rationnalisation du dispositif de g\u00e9n\u00e9ralisation de la couverture m\u00e9dicale au profit des agriculteurs.<\/p>\n<p>La premi\u00e8re convention de partenariat, sign\u00e9e entre le minist\u00e8re de l\u2019Agriculture, de la P\u00eache Maritime, du D\u00e9veloppement Rural et des Eaux et For\u00eats, et la Caisse Nationale de S\u00e9curit\u00e9 Sociale (CNSS), porte sur l\u2019\u00e9change de donn\u00e9es dans le cadre de l\u2019assurance maladie obligatoire des agriculteurs.<\/p>\n<\/div>\n<\/div>\n<\/div>\n<\/div>\n<p>Auteur: mbasraoui<br \/>\n<a href=\"https:\/\/www.leconomiste.com\/flash-infos\/couverture-medicale-des-agriculteurs-4-conventions-de-partenariat-signees\">Cliquez ici pour lire l&rsquo;article depuis sa source.<\/a><\/p>\n","protected":false},"excerpt":{"rendered":"<p>Quatre conventions de partenariat ont \u00e9t\u00e9 sign\u00e9es, mercredi \u00e0 Rabat, dans le but d&rsquo;acc\u00e9l\u00e9rer l&rsquo;op\u00e9rationnalisation du dispositif de g\u00e9n\u00e9ralisation de la couverture m\u00e9dicale au profit des agriculteurs. La premi\u00e8re convention de partenariat, sign\u00e9e entre le minist\u00e8re de l\u2019Agriculture, de la P\u00eache Maritime, du D\u00e9veloppement Rural et des Eaux et For\u00eats, et la Caisse Nationale de [&hellip;]<\/p>\n","protected":false},"author":1763,"featured_media":0,"comment_status":"closed","ping_status":"closed","sticky":false,"template":"","format":"standard","meta":{"fifu_image_url":"","fifu_image_alt":"","footnotes":""},"categories":[78,54],"tags":[],"class_list":["post-148533","post","type-post","status-publish","format-standard","hentry","category-economie","category-maroc"],"_links":{"self":[{"href":"https:\/\/linitiative.ca\/International\/wp-json\/wp\/v2\/posts\/148533","targetHints":{"allow":["GET"]}}],"collection":[{"href":"https:\/\/linitiative.ca\/International\/wp-json\/wp\/v2\/posts"}],"about":[{"href":"https:\/\/linitiative.ca\/International\/wp-json\/wp\/v2\/types\/post"}],"author":[{"embeddable":true,"href":"https:\/\/linitiative.ca\/International\/wp-json\/wp\/v2\/users\/1763"}],"replies":[{"embeddable":true,"href":"https:\/\/linitiative.ca\/International\/wp-json\/wp\/v2\/comments?post=148533"}],"version-history":[{"count":0,"href":"https:\/\/linitiative.ca\/International\/wp-json\/wp\/v2\/posts\/148533\/revisions"}],"wp:attachment":[{"href":"https:\/\/linitiative.ca\/International\/wp-json\/wp\/v2\/media?parent=148533"}],"wp:term":[{"taxonomy":"category","embeddable":true,"href":"https:\/\/linitiative.ca\/International\/wp-json\/wp\/v2\/categories?post=148533"},{"taxonomy":"post_tag","embeddable":true,"href":"https:\/\/linitiative.ca\/International\/wp-json\/wp\/v2\/tags?post=148533"}],"curies":[{"name":"wp","href":"https:\/\/api.w.org\/{rel}","templated":true}]}}