{"id":148536,"date":"2022-05-24T16:13:00","date_gmt":"2022-05-24T20:13:00","guid":{"rendered":"https:\/\/linitiative.ca\/International\/ligue-1-france-boulaya-et-belaili-en-course-pour-le-meilleur-but-du-mois-de-mai-video\/"},"modified":"2022-05-24T16:13:00","modified_gmt":"2022-05-24T20:13:00","slug":"ligue-1-france-boulaya-et-belaili-en-course-pour-le-meilleur-but-du-mois-de-mai-video","status":"publish","type":"post","link":"https:\/\/linitiative.ca\/International\/ligue-1-france-boulaya-et-belaili-en-course-pour-le-meilleur-but-du-mois-de-mai-video\/","title":{"rendered":"Ligue 1 (France) : Boulaya et Belaili en course pour le meilleur but du mois de mai (Vid\u00e9o)"},"content":{"rendered":"<div>Youcef Bela\u00efli et Farid Boulaya sont en lice pour le plus beau but du mois de mai en Ligue 1 fran\u00e7aise&#8230;<\/div>\n<p>Auteur:<br \/>\n<a href=\"https:\/\/www.lebuteur.com\/article\/detail?titre=ligue-1-france-boulaya-et-belaili-en-course-pour-le-meilleur-but-du-mois-de-mai-video&#038;id=102929\">Cliquez ici pour lire l&rsquo;article depuis sa source.<\/a><\/p>\n","protected":false},"excerpt":{"rendered":"<p>Youcef Bela\u00efli et Farid Boulaya sont en lice pour le plus beau but du mois de mai en Ligue 1 fran\u00e7aise&#8230; Auteur: Cliquez ici pour lire l&rsquo;article depuis sa source.<\/p>\n","protected":false},"author":1738,"featured_media":0,"comment_status":"closed","ping_status":"closed","sticky":false,"template":"","format":"standard","meta":{"fifu_image_url":"","fifu_image_alt":"","footnotes":""},"categories":[53,75],"tags":[],"class_list":["post-148536","post","type-post","status-publish","format-standard","hentry","category-algerie","category-sport"],"_links":{"self":[{"href":"https:\/\/linitiative.ca\/International\/wp-json\/wp\/v2\/posts\/148536","targetHints":{"allow":["GET"]}}],"collection":[{"href":"https:\/\/linitiative.ca\/International\/wp-json\/wp\/v2\/posts"}],"about":[{"href":"https:\/\/linitiative.ca\/International\/wp-json\/wp\/v2\/types\/post"}],"author":[{"embeddable":true,"href":"https:\/\/linitiative.ca\/International\/wp-json\/wp\/v2\/users\/1738"}],"replies":[{"embeddable":true,"href":"https:\/\/linitiative.ca\/International\/wp-json\/wp\/v2\/comments?post=148536"}],"version-history":[{"count":0,"href":"https:\/\/linitiative.ca\/International\/wp-json\/wp\/v2\/posts\/148536\/revisions"}],"wp:attachment":[{"href":"https:\/\/linitiative.ca\/International\/wp-json\/wp\/v2\/media?parent=148536"}],"wp:term":[{"taxonomy":"category","embeddable":true,"href":"https:\/\/linitiative.ca\/International\/wp-json\/wp\/v2\/categories?post=148536"},{"taxonomy":"post_tag","embeddable":true,"href":"https:\/\/linitiative.ca\/International\/wp-json\/wp\/v2\/tags?post=148536"}],"curies":[{"name":"wp","href":"https:\/\/api.w.org\/{rel}","templated":true}]}}