{"id":148537,"date":"2022-05-25T03:26:00","date_gmt":"2022-05-25T07:26:00","guid":{"rendered":"https:\/\/linitiative.ca\/International\/real-modric-ne-se-voit-pas-faire-comme-mbappe\/"},"modified":"2022-05-25T03:26:00","modified_gmt":"2022-05-25T07:26:00","slug":"real-modric-ne-se-voit-pas-faire-comme-mbappe","status":"publish","type":"post","link":"https:\/\/linitiative.ca\/International\/real-modric-ne-se-voit-pas-faire-comme-mbappe\/","title":{"rendered":"Real : Modric ne se voit pas faire comme Mbapp\u00e9"},"content":{"rendered":"<div>Luka Modric devrait prolonger au le Real Madrid, avec qui il s&rsquo;appr\u00eate \u00e0 disputer sa cinqui\u00e8me finale de Ligue des Champions<\/div>\n<p>Auteur:<br \/>\n<a href=\"https:\/\/www.lebuteur.com\/article\/detail?titre=real-modric-ne-se-voit-pas-faire-comme-mbappe&#038;id=102930\">Cliquez ici pour lire l&rsquo;article depuis sa source.<\/a><\/p>\n","protected":false},"excerpt":{"rendered":"<p>Luka Modric devrait prolonger au le Real Madrid, avec qui il s&rsquo;appr\u00eate \u00e0 disputer sa cinqui\u00e8me finale de Ligue des Champions Auteur: Cliquez ici pour lire l&rsquo;article depuis sa source.<\/p>\n","protected":false},"author":1738,"featured_media":0,"comment_status":"closed","ping_status":"closed","sticky":false,"template":"","format":"standard","meta":{"fifu_image_url":"","fifu_image_alt":"","footnotes":""},"categories":[53,75],"tags":[],"class_list":["post-148537","post","type-post","status-publish","format-standard","hentry","category-algerie","category-sport"],"_links":{"self":[{"href":"https:\/\/linitiative.ca\/International\/wp-json\/wp\/v2\/posts\/148537","targetHints":{"allow":["GET"]}}],"collection":[{"href":"https:\/\/linitiative.ca\/International\/wp-json\/wp\/v2\/posts"}],"about":[{"href":"https:\/\/linitiative.ca\/International\/wp-json\/wp\/v2\/types\/post"}],"author":[{"embeddable":true,"href":"https:\/\/linitiative.ca\/International\/wp-json\/wp\/v2\/users\/1738"}],"replies":[{"embeddable":true,"href":"https:\/\/linitiative.ca\/International\/wp-json\/wp\/v2\/comments?post=148537"}],"version-history":[{"count":0,"href":"https:\/\/linitiative.ca\/International\/wp-json\/wp\/v2\/posts\/148537\/revisions"}],"wp:attachment":[{"href":"https:\/\/linitiative.ca\/International\/wp-json\/wp\/v2\/media?parent=148537"}],"wp:term":[{"taxonomy":"category","embeddable":true,"href":"https:\/\/linitiative.ca\/International\/wp-json\/wp\/v2\/categories?post=148537"},{"taxonomy":"post_tag","embeddable":true,"href":"https:\/\/linitiative.ca\/International\/wp-json\/wp\/v2\/tags?post=148537"}],"curies":[{"name":"wp","href":"https:\/\/api.w.org\/{rel}","templated":true}]}}