{"id":148548,"date":"2022-05-25T12:32:31","date_gmt":"2022-05-25T16:32:31","guid":{"rendered":"https:\/\/linitiative.ca\/International\/le-suriname-ouvre-un-consulat-a-dakhla\/"},"modified":"2022-05-25T12:32:31","modified_gmt":"2022-05-25T16:32:31","slug":"le-suriname-ouvre-un-consulat-a-dakhla","status":"publish","type":"post","link":"https:\/\/linitiative.ca\/International\/le-suriname-ouvre-un-consulat-a-dakhla\/","title":{"rendered":"Le Suriname ouvre un consulat \u00e0 Dakhla"},"content":{"rendered":"<div><img decoding=\"async\" width=\"1201\" height=\"816\" src=\"https:\/\/www.challenge.ma\/wp-content\/uploads\/2022\/05\/suriname.webp\" class=\"attachment-post-thumbnail size-post-thumbnail wp-post-image\" alt=\"\" loading=\"lazy\" srcset=\"https:\/\/www.challenge.ma\/wp-content\/uploads\/2022\/05\/suriname.webp 1201w, https:\/\/www.challenge.ma\/wp-content\/uploads\/2022\/05\/suriname-300x204.webp 300w, https:\/\/www.challenge.ma\/wp-content\/uploads\/2022\/05\/suriname-1024x696.webp 1024w, https:\/\/www.challenge.ma\/wp-content\/uploads\/2022\/05\/suriname-768x522.webp 768w, https:\/\/www.challenge.ma\/wp-content\/uploads\/2022\/05\/suriname-360x245.webp 360w, https:\/\/www.challenge.ma\/wp-content\/uploads\/2022\/05\/suriname-750x510.webp 750w\" sizes=\"auto, (max-width: 1201px) 100vw, 1201px\" itemprop=\"image\">La R\u00e9publique du Suriname ouvrira le 26 mai un Consulat g\u00e9n\u00e9ral dans la ville de Dakhla et son ambassade \u00e0 Rabat. L\u2019ouverture de ces deux repr\u00e9sentations diplomatiques a \u00e9t\u00e9 annonc\u00e9e lors d\u2019un point de presse conjoint du ministre des Affaires \u00e9trang\u00e8res, de la Coop\u00e9ration Africaine et des Marocains r\u00e9sidant \u00e0<\/div>\n<p>Auteur: Roland Amoussou<br \/>\n<a href=\"https:\/\/www.challenge.ma\/le-suriname-ouvre-un-consulat-a-dakhla-239364\/\">Cliquez ici pour lire l&rsquo;article depuis sa source.<\/a><\/p>\n","protected":false},"excerpt":{"rendered":"<p>La R\u00e9publique du Suriname ouvrira le 26 mai un Consulat g\u00e9n\u00e9ral dans la ville de Dakhla et son ambassade \u00e0 Rabat. L\u2019ouverture de ces deux repr\u00e9sentations diplomatiques a \u00e9t\u00e9 annonc\u00e9e lors d\u2019un point de presse conjoint du ministre des Affaires \u00e9trang\u00e8res, de la Coop\u00e9ration Africaine et des Marocains r\u00e9sidant \u00e0 Auteur: Roland Amoussou Cliquez ici [&hellip;]<\/p>\n","protected":false},"author":1787,"featured_media":0,"comment_status":"closed","ping_status":"closed","sticky":false,"template":"","format":"standard","meta":{"fifu_image_url":"https:\/\/www.challenge.ma\/wp-content\/uploads\/2022\/05\/suriname.webp","fifu_image_alt":"Le Suriname ouvre un consulat \u00e0 Dakhla","footnotes":""},"categories":[78,54],"tags":[],"class_list":["post-148548","post","type-post","status-publish","format-standard","hentry","category-economie","category-maroc"],"_links":{"self":[{"href":"https:\/\/linitiative.ca\/International\/wp-json\/wp\/v2\/posts\/148548","targetHints":{"allow":["GET"]}}],"collection":[{"href":"https:\/\/linitiative.ca\/International\/wp-json\/wp\/v2\/posts"}],"about":[{"href":"https:\/\/linitiative.ca\/International\/wp-json\/wp\/v2\/types\/post"}],"author":[{"embeddable":true,"href":"https:\/\/linitiative.ca\/International\/wp-json\/wp\/v2\/users\/1787"}],"replies":[{"embeddable":true,"href":"https:\/\/linitiative.ca\/International\/wp-json\/wp\/v2\/comments?post=148548"}],"version-history":[{"count":0,"href":"https:\/\/linitiative.ca\/International\/wp-json\/wp\/v2\/posts\/148548\/revisions"}],"wp:attachment":[{"href":"https:\/\/linitiative.ca\/International\/wp-json\/wp\/v2\/media?parent=148548"}],"wp:term":[{"taxonomy":"category","embeddable":true,"href":"https:\/\/linitiative.ca\/International\/wp-json\/wp\/v2\/categories?post=148548"},{"taxonomy":"post_tag","embeddable":true,"href":"https:\/\/linitiative.ca\/International\/wp-json\/wp\/v2\/tags?post=148548"}],"curies":[{"name":"wp","href":"https:\/\/api.w.org\/{rel}","templated":true}]}}