{"id":148549,"date":"2022-05-25T15:15:00","date_gmt":"2022-05-25T19:15:00","guid":{"rendered":"https:\/\/linitiative.ca\/International\/importation-de-pesticides-lonssa-veille-au-grain\/"},"modified":"2022-05-25T15:15:00","modified_gmt":"2022-05-25T19:15:00","slug":"importation-de-pesticides-lonssa-veille-au-grain","status":"publish","type":"post","link":"https:\/\/linitiative.ca\/International\/importation-de-pesticides-lonssa-veille-au-grain\/","title":{"rendered":"Importation de pesticides. L\u2019ONSSA veille au grain"},"content":{"rendered":"<div><img decoding=\"async\" width=\"2560\" height=\"1782\" src=\"https:\/\/linitiative.ca\/International\/wp-content\/uploads\/sites\/23\/2022\/05\/onssa-1-scaled-1.jpeg\" class=\"attachment-post-thumbnail size-post-thumbnail wp-post-image\" alt=\"\" loading=\"lazy\" srcset=\"https:\/\/linitiative.ca\/International\/wp-content\/uploads\/sites\/23\/2022\/05\/onssa-1-scaled-1.jpeg 2560w, https:\/\/www.challenge.ma\/wp-content\/uploads\/2022\/05\/onssa-1-300x209.jpeg 300w, https:\/\/www.challenge.ma\/wp-content\/uploads\/2022\/05\/onssa-1-1024x713.jpeg 1024w, https:\/\/www.challenge.ma\/wp-content\/uploads\/2022\/05\/onssa-1-768x535.jpeg 768w, https:\/\/www.challenge.ma\/wp-content\/uploads\/2022\/05\/onssa-1-1536x1069.jpeg 1536w, https:\/\/www.challenge.ma\/wp-content\/uploads\/2022\/05\/onssa-1-2048x1426.jpeg 2048w, https:\/\/www.challenge.ma\/wp-content\/uploads\/2022\/05\/onssa-1-360x251.jpeg 360w, https:\/\/www.challenge.ma\/wp-content\/uploads\/2022\/05\/onssa-1-750x522.jpeg 750w\" sizes=\"auto, (max-width: 2560px) 100vw, 2560px\" itemprop=\"image\">L\u2019ONSSA est sur tous les fronts pour s\u2019assurer de la qualit\u00e9 des pesticides utilis\u00e9s au Maroc. Selon le ministre de l\u2019Agriculture, Mohammed Sadiki, l\u2019Office national de s\u00e9curit\u00e9 sanitaire des produits alimentaires accorde, en effet, une attention particuli\u00e8re \u00e0 la gestion et au contr\u00f4le de l\u2019utilisation des pesticides dans les activit\u00e9s<\/div>\n<p>Auteur: Roland Amoussou<br \/>\n<a href=\"https:\/\/www.challenge.ma\/importation-de-pesticides-lonssa-veille-au-grain-239359\/\">Cliquez ici pour lire l&rsquo;article depuis sa source.<\/a><\/p>\n","protected":false},"excerpt":{"rendered":"<p>L\u2019ONSSA est sur tous les fronts pour s\u2019assurer de la qualit\u00e9 des pesticides utilis\u00e9s au Maroc. Selon le ministre de l\u2019Agriculture, Mohammed Sadiki, l\u2019Office national de s\u00e9curit\u00e9 sanitaire des produits alimentaires accorde, en effet, une attention particuli\u00e8re \u00e0 la gestion et au contr\u00f4le de l\u2019utilisation des pesticides dans les activit\u00e9s Auteur: Roland Amoussou Cliquez ici [&hellip;]<\/p>\n","protected":false},"author":1787,"featured_media":0,"comment_status":"closed","ping_status":"closed","sticky":false,"template":"","format":"standard","meta":{"fifu_image_url":"https:\/\/www.challenge.ma\/wp-content\/uploads\/2022\/05\/onssa-1-scaled.jpeg","fifu_image_alt":"Importation de pesticides. L\u2019ONSSA veille au grain","footnotes":""},"categories":[78,54],"tags":[],"class_list":["post-148549","post","type-post","status-publish","format-standard","hentry","category-economie","category-maroc"],"_links":{"self":[{"href":"https:\/\/linitiative.ca\/International\/wp-json\/wp\/v2\/posts\/148549","targetHints":{"allow":["GET"]}}],"collection":[{"href":"https:\/\/linitiative.ca\/International\/wp-json\/wp\/v2\/posts"}],"about":[{"href":"https:\/\/linitiative.ca\/International\/wp-json\/wp\/v2\/types\/post"}],"author":[{"embeddable":true,"href":"https:\/\/linitiative.ca\/International\/wp-json\/wp\/v2\/users\/1787"}],"replies":[{"embeddable":true,"href":"https:\/\/linitiative.ca\/International\/wp-json\/wp\/v2\/comments?post=148549"}],"version-history":[{"count":0,"href":"https:\/\/linitiative.ca\/International\/wp-json\/wp\/v2\/posts\/148549\/revisions"}],"wp:attachment":[{"href":"https:\/\/linitiative.ca\/International\/wp-json\/wp\/v2\/media?parent=148549"}],"wp:term":[{"taxonomy":"category","embeddable":true,"href":"https:\/\/linitiative.ca\/International\/wp-json\/wp\/v2\/categories?post=148549"},{"taxonomy":"post_tag","embeddable":true,"href":"https:\/\/linitiative.ca\/International\/wp-json\/wp\/v2\/tags?post=148549"}],"curies":[{"name":"wp","href":"https:\/\/api.w.org\/{rel}","templated":true}]}}