{"id":148561,"date":"2022-05-25T13:51:13","date_gmt":"2022-05-25T17:51:13","guid":{"rendered":"https:\/\/linitiative.ca\/International\/augmentation-du-prix-du-pain-par-les-boulangers-nos-controleurs-sont-sur-le-terrain-pour-appliquer-la-loi-ministre-en-charge-du-commerce\/"},"modified":"2022-05-25T13:51:13","modified_gmt":"2022-05-25T17:51:13","slug":"augmentation-du-prix-du-pain-par-les-boulangers-nos-controleurs-sont-sur-le-terrain-pour-appliquer-la-loi-ministre-en-charge-du-commerce","status":"publish","type":"post","link":"https:\/\/linitiative.ca\/International\/augmentation-du-prix-du-pain-par-les-boulangers-nos-controleurs-sont-sur-le-terrain-pour-appliquer-la-loi-ministre-en-charge-du-commerce\/","title":{"rendered":"Augmentation du prix du pain par les boulangers\u00a0: (nos contr\u00f4leurs sont sur le terrain pour appliquer la loi), ministre en charge du commerce"},"content":{"rendered":"<div>\n<p>Selon le gouvernement, la d\u00e9cision des boulangers d\u2019augmenter le prix est une mauvaise solution parce que les prix sont r\u00e9glement\u00e9s. <em>\u00ab\u00a0Lors de nos rencontres, il n\u2019y a pas eu de compromis pour le prix du pain. Je pense que leur r\u00e9action manque de fair-play),<\/em> pr\u00e9cise-t-il. Il a aussi indiqu\u00e9\u00a0:\u00a0\u00ab\u00a0toutes nos actions doivent \u00eatre guid\u00e9es par la loi. Conform\u00e9ment \u00e0 cette loi, la pratique de prix ill\u00e9gal est sanctionn\u00e9e et nos contr\u00f4leurs sont sur le terrain pour appliquer la loi\u00a0\u00bb. <em>\u00ab\u00a0Nous sommes frustr\u00e9s de constater ce passage en force. Chaque acteur doit faire un effort pour qu\u2019un compromis soit trouv\u00e9 pour le bien des populations qui souffrent d\u00e9j\u00e0\u00a0\u00bb<\/em>.<\/p>\n<p><strong>Sidwaya.info<\/strong><\/p>\n<\/div>\n<p>Auteur: Wamini SIDWAYA<br \/>\n<a href=\"https:\/\/www.sidwaya.info\/blog\/2022\/05\/25\/augmentation-du-prix-du-pain-par-les-boulangers-nos-controleurs-sont-sur-le-terrain-pour-appliquer-la-loi-ministre-en-charge-du-commerce\/\">Cliquez ici pour lire l&rsquo;article depuis sa source.<\/a><\/p>\n","protected":false},"excerpt":{"rendered":"<p>Selon le gouvernement, la d\u00e9cision des boulangers d\u2019augmenter le prix est une mauvaise solution parce que les prix sont r\u00e9glement\u00e9s. \u00ab\u00a0Lors de nos rencontres, il n\u2019y a pas eu de compromis pour le prix du pain. Je pense que leur r\u00e9action manque de fair-play), pr\u00e9cise-t-il. Il a aussi indiqu\u00e9\u00a0:\u00a0\u00ab\u00a0toutes nos actions doivent \u00eatre guid\u00e9es par [&hellip;]<\/p>\n","protected":false},"author":1816,"featured_media":0,"comment_status":"closed","ping_status":"closed","sticky":false,"template":"","format":"standard","meta":{"fifu_image_url":"","fifu_image_alt":"","footnotes":""},"categories":[73,81],"tags":[],"class_list":["post-148561","post","type-post","status-publish","format-standard","hentry","category-actualite","category-burkina-faso"],"_links":{"self":[{"href":"https:\/\/linitiative.ca\/International\/wp-json\/wp\/v2\/posts\/148561","targetHints":{"allow":["GET"]}}],"collection":[{"href":"https:\/\/linitiative.ca\/International\/wp-json\/wp\/v2\/posts"}],"about":[{"href":"https:\/\/linitiative.ca\/International\/wp-json\/wp\/v2\/types\/post"}],"author":[{"embeddable":true,"href":"https:\/\/linitiative.ca\/International\/wp-json\/wp\/v2\/users\/1816"}],"replies":[{"embeddable":true,"href":"https:\/\/linitiative.ca\/International\/wp-json\/wp\/v2\/comments?post=148561"}],"version-history":[{"count":0,"href":"https:\/\/linitiative.ca\/International\/wp-json\/wp\/v2\/posts\/148561\/revisions"}],"wp:attachment":[{"href":"https:\/\/linitiative.ca\/International\/wp-json\/wp\/v2\/media?parent=148561"}],"wp:term":[{"taxonomy":"category","embeddable":true,"href":"https:\/\/linitiative.ca\/International\/wp-json\/wp\/v2\/categories?post=148561"},{"taxonomy":"post_tag","embeddable":true,"href":"https:\/\/linitiative.ca\/International\/wp-json\/wp\/v2\/tags?post=148561"}],"curies":[{"name":"wp","href":"https:\/\/api.w.org\/{rel}","templated":true}]}}