{"id":148567,"date":"2022-05-25T14:18:03","date_gmt":"2022-05-25T18:18:03","guid":{"rendered":"https:\/\/linitiative.ca\/International\/afrique-lheure-de-la-souverainete-alimentaire-a-sonne-bad\/"},"modified":"2022-05-25T14:18:03","modified_gmt":"2022-05-25T18:18:03","slug":"afrique-lheure-de-la-souverainete-alimentaire-a-sonne-bad","status":"publish","type":"post","link":"https:\/\/linitiative.ca\/International\/afrique-lheure-de-la-souverainete-alimentaire-a-sonne-bad\/","title":{"rendered":"Afrique : l\u2019heure de la souverainet\u00e9 alimentaire a sonn\u00e9 (Bad)"},"content":{"rendered":"<div>\n<p><img decoding=\"async\" width=\"2048\" height=\"1365\" src=\"https:\/\/linitiative.ca\/International\/wp-content\/uploads\/sites\/23\/2022\/05\/16535026842716.jpg\" class=\"attachment-post-thumbnail size-post-thumbnail wp-post-image\" alt=\"\" loading=\"lazy\" srcset=\"https:\/\/linitiative.ca\/International\/wp-content\/uploads\/sites\/23\/2022\/05\/16535026842716.jpg 2048w, https:\/\/www.journalducameroun.com\/wp-content\/uploads\/2022\/05\/16535026842716-300x200.jpg 300w, https:\/\/www.journalducameroun.com\/wp-content\/uploads\/2022\/05\/16535026842716-1024x683.jpg 1024w, https:\/\/www.journalducameroun.com\/wp-content\/uploads\/2022\/05\/16535026842716-768x512.jpg 768w, https:\/\/www.journalducameroun.com\/wp-content\/uploads\/2022\/05\/16535026842716-1536x1024.jpg 1536w, https:\/\/www.journalducameroun.com\/wp-content\/uploads\/2022\/05\/16535026842716-660x440.jpg 660w, https:\/\/www.journalducameroun.com\/wp-content\/uploads\/2022\/05\/16535026842716-600x400.jpg 600w\" sizes=\"auto, (max-width: 2048px) 100vw, 2048px\"><\/p>\n<p>Le Groupe de la Banque africaine de d\u00e9veloppement (Bad) trouve paradoxal que le continent noir ne puisse pas nourrir convenablement sa population.L&rsquo;Afrique, avec ses nombreuses ressources naturelles, sa jeune population et ses importantes terres arables, ne doit pas d\u00e9pendre des autres continents en mati\u00e8re d&rsquo;alimentation.<\/p>\n<p>C&rsquo;est la conviction du Dr Akinwumi Adesina, pr\u00e9sident du Groupe de la Banque africaine de d\u00e9veloppement (Bad). S&rsquo;exprimant \u00e0 l&rsquo;ouverture des Assembl\u00e9es annuelles de l&rsquo;institution financi\u00e8re \u00e0 Accra (Ghana), le Nig\u00e9rian a d\u00e9clar\u00e9 que le temps est venu pour le continent noir de tout mettre en \u0153uvre pour atteindre l&rsquo;autosuffisance alimentaire.<\/p>\n<p>Pour ce faire, M. Adesina a notamment pr\u00e9conis\u00e9 le recours aux technologies modernes dans l&rsquo;agriculture. Un secteur dans lequel la Banque africaine de d\u00e9veloppement\u00a0dispose d&rsquo;un plan d&rsquo;investissement massif. Tout r\u00e9cemment, son Conseil d&rsquo;administration a approuv\u00e9 la Facilit\u00e9 africaine de production alimentaire d&rsquo;urgence de 1,5 milliard de dollars.\u00a0<\/p>\n<p>Objectif : aider 20 millions d&rsquo;agriculteurs \u00e0 produire 38 millions de tonnes m\u00e9triques de nourriture.\u00a0\u00ab\u00a0L&rsquo;Afrique n&rsquo;a pas besoin de bols \u00e0 la main, mais de graines en terre\u00a0\u00bb, a soutenu le pr\u00e9sident du Groupe de la Bad.<\/p>\n<p>Cet article <a rel=\"nofollow\" href=\"https:\/\/www.journalducameroun.com\/afrique-lheure-de-la-souverainete-alimentaire-a-sonne-bad\/\">Afrique : l\u2019heure de la souverainet\u00e9 alimentaire a sonn\u00e9 (Bad)<\/a> est apparu en premier sur <a rel=\"nofollow\" href=\"https:\/\/www.journalducameroun.com\/\">Journal du Cameroun<\/a>.<\/p>\n<\/div>\n<p>Auteur: APA News<br \/>\n<a href=\"https:\/\/www.journalducameroun.com\/afrique-lheure-de-la-souverainete-alimentaire-a-sonne-bad\/\">Cliquez ici pour lire l&rsquo;article depuis sa source.<\/a><\/p>\n","protected":false},"excerpt":{"rendered":"<p>Le Groupe de la Banque africaine de d\u00e9veloppement (Bad) trouve paradoxal que le continent noir ne puisse pas nourrir convenablement sa population.L&rsquo;Afrique, avec ses nombreuses ressources naturelles, sa jeune population et ses importantes terres arables, ne doit pas d\u00e9pendre des autres continents en mati\u00e8re d&rsquo;alimentation. C&rsquo;est la conviction du Dr Akinwumi Adesina, pr\u00e9sident du Groupe [&hellip;]<\/p>\n","protected":false},"author":1965,"featured_media":0,"comment_status":"closed","ping_status":"closed","sticky":false,"template":"","format":"standard","meta":{"fifu_image_url":"https:\/\/www.journalducameroun.com\/wp-content\/uploads\/2022\/05\/16535026842716.jpg","fifu_image_alt":"Afrique : l\u2019heure de la souverainet\u00e9 alimentaire a sonn\u00e9 (Bad)","footnotes":""},"categories":[73,82],"tags":[],"class_list":["post-148567","post","type-post","status-publish","format-standard","hentry","category-actualite","category-cameroun"],"_links":{"self":[{"href":"https:\/\/linitiative.ca\/International\/wp-json\/wp\/v2\/posts\/148567","targetHints":{"allow":["GET"]}}],"collection":[{"href":"https:\/\/linitiative.ca\/International\/wp-json\/wp\/v2\/posts"}],"about":[{"href":"https:\/\/linitiative.ca\/International\/wp-json\/wp\/v2\/types\/post"}],"author":[{"embeddable":true,"href":"https:\/\/linitiative.ca\/International\/wp-json\/wp\/v2\/users\/1965"}],"replies":[{"embeddable":true,"href":"https:\/\/linitiative.ca\/International\/wp-json\/wp\/v2\/comments?post=148567"}],"version-history":[{"count":0,"href":"https:\/\/linitiative.ca\/International\/wp-json\/wp\/v2\/posts\/148567\/revisions"}],"wp:attachment":[{"href":"https:\/\/linitiative.ca\/International\/wp-json\/wp\/v2\/media?parent=148567"}],"wp:term":[{"taxonomy":"category","embeddable":true,"href":"https:\/\/linitiative.ca\/International\/wp-json\/wp\/v2\/categories?post=148567"},{"taxonomy":"post_tag","embeddable":true,"href":"https:\/\/linitiative.ca\/International\/wp-json\/wp\/v2\/tags?post=148567"}],"curies":[{"name":"wp","href":"https:\/\/api.w.org\/{rel}","templated":true}]}}