{"id":148578,"date":"2022-05-26T08:39:36","date_gmt":"2022-05-26T12:39:36","guid":{"rendered":"https:\/\/linitiative.ca\/International\/covid-19-letat-durgence-sanitaire-prolonge-jusquau-30-juin-2022\/"},"modified":"2022-05-26T08:39:36","modified_gmt":"2022-05-26T12:39:36","slug":"covid-19-letat-durgence-sanitaire-prolonge-jusquau-30-juin-2022","status":"publish","type":"post","link":"https:\/\/linitiative.ca\/International\/covid-19-letat-durgence-sanitaire-prolonge-jusquau-30-juin-2022\/","title":{"rendered":"Covid 19: l\u2019\u00e9tat d\u2019urgence sanitaire prolong\u00e9 jusqu\u2019au 30 juin 2022"},"content":{"rendered":"<div>\n<p><img decoding=\"async\" width=\"300\" height=\"153\" src=\"https:\/\/linitiative.ca\/International\/wp-content\/uploads\/sites\/23\/2022\/05\/Etat-durgence-Sanitaire-police-Marocjpg-300x153-1.jpg\" class=\"attachment-medium size-medium wp-post-image\" alt=\"\" loading=\"lazy\" srcset=\"https:\/\/linitiative.ca\/International\/wp-content\/uploads\/sites\/23\/2022\/05\/Etat-durgence-Sanitaire-police-Marocjpg-300x153-1.jpg 300w, https:\/\/aujourdhui.ma\/wp-content\/uploads\/2021\/07\/Etat-durgence-Sanitaire-police-Marocjpg-274x140.jpg 274w, https:\/\/aujourdhui.ma\/wp-content\/uploads\/2021\/07\/Etat-durgence-Sanitaire-police-Marocjpg.jpg 746w, https:\/\/aujourdhui.ma\/wp-content\/uploads\/2021\/07\/Etat-durgence-Sanitaire-police-Marocjpg-165x84.jpg 165w, https:\/\/aujourdhui.ma\/wp-content\/uploads\/2021\/07\/Etat-durgence-Sanitaire-police-Marocjpg-702x358.jpg 702w\" sizes=\"auto, (max-width: 300px) 100vw, 300px\"><\/p>\n<p><span style=\"font-size: 20px; color: #800000;\"><strong>Le Conseil de gouvernement, r\u00e9uni jeudi, a d\u00e9cid\u00e9 de proroger la dur\u00e9e de validit\u00e9 de l\u2019\u00e9tat d\u2019urgence sanitaire sur l\u2019ensemble du territoire national jusqu\u2019au 30 juin 2022, dans le cadre des efforts d\u00e9ploy\u00e9s pour lutter contre la propagation de la pand\u00e9mie de Covid-19.<\/strong><\/span><span id=\"more-408992\"><\/span><\/p>\n<p>Cette annonce a \u00e9t\u00e9 faite par le ministre d\u00e9l\u00e9gu\u00e9 charg\u00e9 des Relations avec le Parlement, porte-parole du gouvernement, Mustapha Baitas lors d\u2019un point de presse \u00e0 l\u2019issue du Conseil.<\/p>\n<\/div>\n<p>Auteur: ALM<br \/>\n<a href=\"https:\/\/aujourdhui.ma\/actualite\/covid-19-letat-durgence-sanitaire-prolonge-jusquau-30-juin-2022\">Cliquez ici pour lire l&rsquo;article depuis sa source.<\/a><\/p>\n","protected":false},"excerpt":{"rendered":"<p>Le Conseil de gouvernement, r\u00e9uni jeudi, a d\u00e9cid\u00e9 de proroger la dur\u00e9e de validit\u00e9 de l\u2019\u00e9tat d\u2019urgence sanitaire sur l\u2019ensemble du territoire national jusqu\u2019au 30 juin 2022, dans le cadre des efforts d\u00e9ploy\u00e9s pour lutter contre la propagation de la pand\u00e9mie de Covid-19. Cette annonce a \u00e9t\u00e9 faite par le ministre d\u00e9l\u00e9gu\u00e9 charg\u00e9 des Relations [&hellip;]<\/p>\n","protected":false},"author":1759,"featured_media":0,"comment_status":"closed","ping_status":"closed","sticky":false,"template":"","format":"standard","meta":{"fifu_image_url":"https:\/\/aujourdhui.ma\/wp-content\/uploads\/2021\/07\/Etat-durgence-Sanitaire-police-Marocjpg-300x153.jpg","fifu_image_alt":"Covid 19: l\u2019\u00e9tat d\u2019urgence sanitaire prolong\u00e9 jusqu\u2019au 30 juin 2022","footnotes":""},"categories":[73,54],"tags":[],"class_list":["post-148578","post","type-post","status-publish","format-standard","hentry","category-actualite","category-maroc"],"_links":{"self":[{"href":"https:\/\/linitiative.ca\/International\/wp-json\/wp\/v2\/posts\/148578","targetHints":{"allow":["GET"]}}],"collection":[{"href":"https:\/\/linitiative.ca\/International\/wp-json\/wp\/v2\/posts"}],"about":[{"href":"https:\/\/linitiative.ca\/International\/wp-json\/wp\/v2\/types\/post"}],"author":[{"embeddable":true,"href":"https:\/\/linitiative.ca\/International\/wp-json\/wp\/v2\/users\/1759"}],"replies":[{"embeddable":true,"href":"https:\/\/linitiative.ca\/International\/wp-json\/wp\/v2\/comments?post=148578"}],"version-history":[{"count":0,"href":"https:\/\/linitiative.ca\/International\/wp-json\/wp\/v2\/posts\/148578\/revisions"}],"wp:attachment":[{"href":"https:\/\/linitiative.ca\/International\/wp-json\/wp\/v2\/media?parent=148578"}],"wp:term":[{"taxonomy":"category","embeddable":true,"href":"https:\/\/linitiative.ca\/International\/wp-json\/wp\/v2\/categories?post=148578"},{"taxonomy":"post_tag","embeddable":true,"href":"https:\/\/linitiative.ca\/International\/wp-json\/wp\/v2\/tags?post=148578"}],"curies":[{"name":"wp","href":"https:\/\/api.w.org\/{rel}","templated":true}]}}