{"id":148580,"date":"2022-05-26T08:51:41","date_gmt":"2022-05-26T12:51:41","guid":{"rendered":"https:\/\/linitiative.ca\/International\/lancement-dune-plateforme-pour-proteger-les-jeunes-de-9-15-ans-contre-les-violences\/"},"modified":"2022-05-26T08:51:41","modified_gmt":"2022-05-26T12:51:41","slug":"lancement-dune-plateforme-pour-proteger-les-jeunes-de-9-15-ans-contre-les-violences","status":"publish","type":"post","link":"https:\/\/linitiative.ca\/International\/lancement-dune-plateforme-pour-proteger-les-jeunes-de-9-15-ans-contre-les-violences\/","title":{"rendered":"Lancement d\u2019une plateforme pour prot\u00e9ger les jeunes de 9-15 ans contre les violences"},"content":{"rendered":"<div>\n<p><img decoding=\"async\" width=\"300\" height=\"153\" src=\"https:\/\/linitiative.ca\/International\/wp-content\/uploads\/sites\/23\/2022\/05\/violences_contre_les_femmes_marrakech-300x153-1.jpg\" class=\"attachment-medium size-medium wp-post-image\" alt=\"\" loading=\"lazy\" srcset=\"https:\/\/linitiative.ca\/International\/wp-content\/uploads\/sites\/23\/2022\/05\/violences_contre_les_femmes_marrakech-300x153-1.jpg 300w, https:\/\/aujourdhui.ma\/wp-content\/uploads\/2017\/06\/violences_contre_les_femmes_marrakech.jpg 746w\" sizes=\"auto, (max-width: 300px) 100vw, 300px\"><\/p>\n<p><span style=\"color: #800000;\"><strong>Elle met \u00e0 la disposition des enfants les moyens pour s\u2019auto-prot\u00e9ger<\/strong><\/span><span id=\"more-409016\"><\/span><\/p>\n<p>La pr\u00e9vention contre les violences \u00e0 l\u2019\u00e9gard des enfants constitue l\u2019une des priorit\u00e9s de l\u2019association Amane. Celle-ci vient de lancer en partenariat avec l\u2019ONG Aida un espace d\u2019apprentissage pour les jeunes en ligne. Le lancement de cette plateforme constitue une approche ludique pour la pr\u00e9vention des violences au service des jeunes \u00e2g\u00e9s de 9 \u00e0 15 ans. La plateforme en ligne met gratuitement \u00e0 la disposition des enfants (voire leurs parents) des connaissances et moyens pour reconna\u00eetre les signes de violence, savoir comment et \u00e0 qui en parler, et s\u2019auto-prot\u00e9ger. Elle propose des activit\u00e9s ludiques, en langues arabe et fran\u00e7aise, adapt\u00e9es aux pr\u00e9occupations et centres d\u2019int\u00e9r\u00eats des 9-15 ans (jeux, quizz, bandes dessin\u00e9es, animations, chansons\u2026).<\/p>\n<p>L\u2019Association Amane pr\u00e9cise que cette plateforme permet d\u2019aborder des th\u00e9matiques li\u00e9es au corps, \u00e0 l\u2019intimit\u00e9, au consentement et aux violences sous toutes leurs formes (en milieu scolaire, en ligne, en lien avec les st\u00e9r\u00e9otypes de genre et les violences sexuelles ou encore psychologiques). L\u2019Espace jeunes est organis\u00e9 en trois sections : information, autoprotection et m\u00e9diath\u00e8que. Le jeune public peut ainsi acc\u00e9der \u00e0 des informations lui permettant de mieux comprendre ce qu\u2019est la violence, de savoir comment s\u2019en prot\u00e9ger et comment r\u00e9agir en cas de suspicion de violences ou de violences av\u00e9r\u00e9es. La plateforme en ligne \u00abEspace d\u2019apprentissage pour les jeunes est accessible sous l\u2019adresse: https:\/\/ej.amaneapprentissage.org\/.<\/p>\n<p>Ces derni\u00e8res ann\u00e9es, la violence \u00e0 l\u2019\u00e9gard des enfants a pris des formes multiples et elle est de plus en plus sophistiqu\u00e9e avec l\u2019usage d\u2019Internet. La pand\u00e9mie la Ccovid-19 a augment\u00e9 l\u2019exposition des enfants aux violences en ligne et intrafamiliales. L\u2019association Amane qui est tr\u00e8s active dans la lutte contre les violences \u00e0 l\u2019\u00e9gard des enfants rappelle que la violence est commise dans diff\u00e9rents lieux fr\u00e9quent\u00e9s par l\u2019enfant : la rue, les \u00e9tablissements scolaires, les lieux de loisirs, sur le Net, au sein de l\u2019environnement imm\u00e9diat\u2026<\/p>\n<\/div>\n<p>Auteur: ALM<br \/>\n<a href=\"https:\/\/aujourdhui.ma\/societe\/lancement-dune-plateforme-pour-proteger-les-jeunes-de-9-15-ans-contre-les-violences\">Cliquez ici pour lire l&rsquo;article depuis sa source.<\/a><\/p>\n","protected":false},"excerpt":{"rendered":"<p>Elle met \u00e0 la disposition des enfants les moyens pour s\u2019auto-prot\u00e9ger La pr\u00e9vention contre les violences \u00e0 l\u2019\u00e9gard des enfants constitue l\u2019une des priorit\u00e9s de l\u2019association Amane. Celle-ci vient de lancer en partenariat avec l\u2019ONG Aida un espace d\u2019apprentissage pour les jeunes en ligne. Le lancement de cette plateforme constitue une approche ludique pour la [&hellip;]<\/p>\n","protected":false},"author":1759,"featured_media":0,"comment_status":"closed","ping_status":"closed","sticky":false,"template":"","format":"standard","meta":{"fifu_image_url":"https:\/\/aujourdhui.ma\/wp-content\/uploads\/2017\/06\/violences_contre_les_femmes_marrakech-300x153.jpg","fifu_image_alt":"Lancement d\u2019une plateforme pour prot\u00e9ger les jeunes de 9-15 ans contre les violences","footnotes":""},"categories":[73,54],"tags":[],"class_list":["post-148580","post","type-post","status-publish","format-standard","hentry","category-actualite","category-maroc"],"_links":{"self":[{"href":"https:\/\/linitiative.ca\/International\/wp-json\/wp\/v2\/posts\/148580","targetHints":{"allow":["GET"]}}],"collection":[{"href":"https:\/\/linitiative.ca\/International\/wp-json\/wp\/v2\/posts"}],"about":[{"href":"https:\/\/linitiative.ca\/International\/wp-json\/wp\/v2\/types\/post"}],"author":[{"embeddable":true,"href":"https:\/\/linitiative.ca\/International\/wp-json\/wp\/v2\/users\/1759"}],"replies":[{"embeddable":true,"href":"https:\/\/linitiative.ca\/International\/wp-json\/wp\/v2\/comments?post=148580"}],"version-history":[{"count":0,"href":"https:\/\/linitiative.ca\/International\/wp-json\/wp\/v2\/posts\/148580\/revisions"}],"wp:attachment":[{"href":"https:\/\/linitiative.ca\/International\/wp-json\/wp\/v2\/media?parent=148580"}],"wp:term":[{"taxonomy":"category","embeddable":true,"href":"https:\/\/linitiative.ca\/International\/wp-json\/wp\/v2\/categories?post=148580"},{"taxonomy":"post_tag","embeddable":true,"href":"https:\/\/linitiative.ca\/International\/wp-json\/wp\/v2\/tags?post=148580"}],"curies":[{"name":"wp","href":"https:\/\/api.w.org\/{rel}","templated":true}]}}