{"id":148582,"date":"2022-05-26T09:00:29","date_gmt":"2022-05-26T13:00:29","guid":{"rendered":"https:\/\/linitiative.ca\/International\/ventilation-des-logements-un-cadre-reglementaire-pour-la-qualite-de-lair-dans-les-batiments-residentiels\/"},"modified":"2022-05-26T09:00:29","modified_gmt":"2022-05-26T13:00:29","slug":"ventilation-des-logements-un-cadre-reglementaire-pour-la-qualite-de-lair-dans-les-batiments-residentiels","status":"publish","type":"post","link":"https:\/\/linitiative.ca\/International\/ventilation-des-logements-un-cadre-reglementaire-pour-la-qualite-de-lair-dans-les-batiments-residentiels\/","title":{"rendered":"Ventilation des logements : Un cadre r\u00e9glementaire pour la qualit\u00e9 de l\u2019air dans les b\u00e2timents r\u00e9sidentiels"},"content":{"rendered":"<div>\n<p><img decoding=\"async\" width=\"300\" height=\"153\" src=\"https:\/\/linitiative.ca\/International\/wp-content\/uploads\/sites\/23\/2022\/05\/Immobilier-batiments-300x153-1.jpg\" class=\"attachment-medium size-medium wp-post-image\" alt=\"\" loading=\"lazy\" srcset=\"https:\/\/linitiative.ca\/International\/wp-content\/uploads\/sites\/23\/2022\/05\/Immobilier-batiments-300x153-1.jpg 300w, https:\/\/aujourdhui.ma\/wp-content\/uploads\/2022\/05\/Immobilier-batiments-274x140.jpg 274w, https:\/\/aujourdhui.ma\/wp-content\/uploads\/2022\/05\/Immobilier-batiments.jpg 746w, https:\/\/aujourdhui.ma\/wp-content\/uploads\/2022\/05\/Immobilier-batiments-165x84.jpg 165w, https:\/\/aujourdhui.ma\/wp-content\/uploads\/2022\/05\/Immobilier-batiments-702x358.jpg 702w\" sizes=\"auto, (max-width: 300px) 100vw, 300px\"><\/p>\n<p><span style=\"color: #800000;\"><span style=\"font-size: 20px;\"><strong>Le renouvellement de l\u2019air \u00e0 l\u2019int\u00e9rieur des b\u00e2timents assure une meilleure qualit\u00e9 de vie \u00e0 ses r\u00e9sidents.<\/strong> <\/span><span id=\"more-408976\"><\/span><\/span><\/p>\n<p>En effet, la ventilation aide \u00e0 \u00e9liminer l\u2019exc\u00e8s d\u2019humidit\u00e9 pr\u00e9sente dans les logements, d\u2019\u00e9vacuer les polluants pr\u00e9sents dans les espaces de vie et permet d\u2019apporter suffisamment d\u2019oxyg\u00e8ne aux appareils \u00e0 combustion, ce qui leur permet de fonctionner sans risque pour la sant\u00e9 des habitants. Sans parler du fait que l\u2019apport d\u2019un air neuf permet de faciliter la respiration. Toutefois, peu de constructions sont suffisamment \u00e9quip\u00e9es de syst\u00e8mes d\u2019a\u00e9ration performants. Et pour cause: il n\u2019existe pas de r\u00e8glementation ad\u00e9quate au Maroc. C\u2019est dans ce sens que le minist\u00e8re de l\u2019am\u00e9nagement du territoire national, de l\u2019urbanisme, de l\u2019habitat et de la politique de la ville, envisage de mettre en place un cadre r\u00e9glementaire relatif \u00e0 la ventilation et l\u2019a\u00e9ration dans les b\u00e2timents r\u00e9sidentiels.<\/p>\n<p><span style=\"color: #ff0000;\"><strong>\u00c9tat des lieux<\/strong><\/span><\/p>\n<p>\u00abPlusieurs normes marocaines homologu\u00e9es existent dans le secteur de la ventilation au Maroc. N\u00e9anmoins, en l\u2019absence d\u2019un cadre r\u00e9glementaire, le sujet demeure ignor\u00e9 ou non ma\u00eetris\u00e9 dans le secteur de la construction au Maroc, pour concevoir des syst\u00e8mes de ventilations ou appr\u00e9cier la n\u00e9cessit\u00e9 malgr\u00e9 le fort besoin d\u2019assainir l\u2019air ambiant des b\u00e2timents r\u00e9sidentiels (collectifs, individuels et de type appartement). L\u2019air doit pouvoir circuler librement des pi\u00e8ces de service dans le cas des b\u00e2timents r\u00e9sidentiels\u00bb, explique le minist\u00e8re qui vient de lancer une \u00e9tude pour la r\u00e9alisation de ce projet. Il s\u2019agit de d\u00e9finir les exigences de performance et mettre en place des r\u00e8gles de conception pour des syst\u00e8mes de ventilation adapt\u00e9s au secteur r\u00e9sidentiel tout en prenant en compte les besoins de ventilation qui divergent selon le type de b\u00e2timent et de locaux. Il faut dire que la ma\u00eetrise du syst\u00e8me de ventilation rel\u00e8ve de la conception architecturale et des \u00e9tudes d\u2019ing\u00e9nierie permettant d\u2019assoir des solutions et des syst\u00e8mes de ventilation optimaux. L\u2019objectif de cette \u00e9tude serait d\u2019informer sur l\u2019importance de la qualit\u00e9 de l\u2019air int\u00e9rieur contre les maladies comme la Covid-19, sensibiliser \u00e0 la n\u00e9cessit\u00e9 de la ventilation et l\u2019a\u00e9ration des b\u00e2timents, d\u00e9finir les performances en ventilation et conditionnement de l\u2019air par type de b\u00e2timents ou encore d\u00e9finir les seuils minimums des d\u00e9bits d\u2019air minimum des pi\u00e8ces de services et espaces de vie.<\/p>\n<p><span style=\"color: #ff0000;\"><strong>Lutter contre la pollution<\/strong><\/span><\/p>\n<p>La probl\u00e9matique de la mauvaise a\u00e9ration rejoint celle de la pollution. \u00abNous passons 80% de notre temps \u00e0 l\u2019int\u00e9rieur, la ventilation des b\u00e2timents du secteur r\u00e9sidentiel s\u2019impose avant tout comme un besoin d\u2019hygi\u00e8ne et de sant\u00e9 des occupants\u00bb, indique la m\u00eame source rappelant que la pand\u00e9mie de Covid-19 a mis sous les projecteurs la vuln\u00e9rabilit\u00e9 de l\u2019environnement r\u00e9sidentiel \u00e0 forte densit\u00e9 pendant la p\u00e9riode pand\u00e9mique. \u00abChaque habitation doit \u00eatre a\u00e9r\u00e9e et ventil\u00e9e r\u00e9guli\u00e8rement, car pour rester en bonne sant\u00e9, respirer de l\u2019air pur non vici\u00e9 est n\u00e9cessaire. Pourtant les effets de la pollution de l\u2019air int\u00e9rieur sur la sant\u00e9 ne sont que partiellement connus au Maroc. La sensibilisation aux maladies g\u00e9n\u00e9r\u00e9es dans les milieux urbains est tr\u00e8s r\u00e9cente et n\u00e9cessite de l\u2019information, de la r\u00e9glementation et des contr\u00f4les\u00bb, rel\u00e8ve le minist\u00e8re.<\/p>\n<p><span style=\"color: #ff0000;\"><strong>Optimisation de l\u2019\u00e9nergie<\/strong><\/span><\/p>\n<p>La ventilation de l\u2019air permet de diluer les polluants naturels comme les substances \u00e9mises par l\u2019ameublement, les mat\u00e9riaux de construction et les produits de nettoyage utilis\u00e9s dans le b\u00e2timent, les odeurs, le CO2 m\u00e9tabolique et la vapeur de l\u2019eau. Elle permet aussi de contr\u00f4ler l\u2019humidit\u00e9 int\u00e9rieure. Sur le plan \u00e9nerg\u00e9tique, une ventilation bien con\u00e7ue limite la consommation et la d\u00e9perdition d\u2019\u00e9nergie dans les b\u00e2timents. \u00abEu \u00e9gard \u00e0 la haute contribution du secteur du b\u00e2timent dans la consommation totale de l\u2019\u00e9nergie du pays (33% dont 25,4% pour le r\u00e9sidentiel et 8,2% pour le tertiaire), l\u2019aspect \u00e9nerg\u00e9tique s\u2019av\u00e8re fortement li\u00e9 \u00e0 la gestion de l\u2019air \u00e0 l\u2019int\u00e9rieur des b\u00e2timents pour atteindre les seuils de confort escompt\u00e9s\u00bb, souligne la m\u00eame source. Par ailleurs, cette \u00e9tude tient en compte les aspects de performances pour constituer un cadre l\u00e9gal. Cela concerne notamment la r\u00e9duction des besoins de chauffage et de climatisation, la gestion du bruit ou encore la s\u00e9curit\u00e9 des lieux gr\u00e2ce au d\u00e9senfumage par extraction.<\/p>\n<p>\u00a0<\/p>\n<p>\u00a0<\/p>\n<\/div>\n<p>Auteur: Ouchagour Leila<br \/>\n<a href=\"https:\/\/aujourdhui.ma\/economie\/immobilier\/ventilation-des-logements-un-cadre-reglementaire-pour-la-qualite-de-lair-dans-les-batiments-residentiels\">Cliquez ici pour lire l&rsquo;article depuis sa source.<\/a><\/p>\n","protected":false},"excerpt":{"rendered":"<p>Le renouvellement de l\u2019air \u00e0 l\u2019int\u00e9rieur des b\u00e2timents assure une meilleure qualit\u00e9 de vie \u00e0 ses r\u00e9sidents. En effet, la ventilation aide \u00e0 \u00e9liminer l\u2019exc\u00e8s d\u2019humidit\u00e9 pr\u00e9sente dans les logements, d\u2019\u00e9vacuer les polluants pr\u00e9sents dans les espaces de vie et permet d\u2019apporter suffisamment d\u2019oxyg\u00e8ne aux appareils \u00e0 combustion, ce qui leur permet de fonctionner sans [&hellip;]<\/p>\n","protected":false},"author":1759,"featured_media":0,"comment_status":"closed","ping_status":"closed","sticky":false,"template":"","format":"standard","meta":{"fifu_image_url":"https:\/\/aujourdhui.ma\/wp-content\/uploads\/2022\/05\/Immobilier-batiments-300x153.jpg","fifu_image_alt":"Ventilation des logements : Un cadre r\u00e9glementaire pour la qualit\u00e9 de l\u2019air dans les b\u00e2timents r\u00e9sidentiels","footnotes":""},"categories":[73,54],"tags":[],"class_list":["post-148582","post","type-post","status-publish","format-standard","hentry","category-actualite","category-maroc"],"_links":{"self":[{"href":"https:\/\/linitiative.ca\/International\/wp-json\/wp\/v2\/posts\/148582","targetHints":{"allow":["GET"]}}],"collection":[{"href":"https:\/\/linitiative.ca\/International\/wp-json\/wp\/v2\/posts"}],"about":[{"href":"https:\/\/linitiative.ca\/International\/wp-json\/wp\/v2\/types\/post"}],"author":[{"embeddable":true,"href":"https:\/\/linitiative.ca\/International\/wp-json\/wp\/v2\/users\/1759"}],"replies":[{"embeddable":true,"href":"https:\/\/linitiative.ca\/International\/wp-json\/wp\/v2\/comments?post=148582"}],"version-history":[{"count":0,"href":"https:\/\/linitiative.ca\/International\/wp-json\/wp\/v2\/posts\/148582\/revisions"}],"wp:attachment":[{"href":"https:\/\/linitiative.ca\/International\/wp-json\/wp\/v2\/media?parent=148582"}],"wp:term":[{"taxonomy":"category","embeddable":true,"href":"https:\/\/linitiative.ca\/International\/wp-json\/wp\/v2\/categories?post=148582"},{"taxonomy":"post_tag","embeddable":true,"href":"https:\/\/linitiative.ca\/International\/wp-json\/wp\/v2\/tags?post=148582"}],"curies":[{"name":"wp","href":"https:\/\/api.w.org\/{rel}","templated":true}]}}