{"id":148584,"date":"2022-05-26T09:24:57","date_gmt":"2022-05-26T13:24:57","guid":{"rendered":"https:\/\/linitiative.ca\/International\/1ere-edition-de-safi-investor-day-focus-sur-les-potentialites-riches-et-diversifiees-de-la-province\/"},"modified":"2022-05-26T09:24:57","modified_gmt":"2022-05-26T13:24:57","slug":"1ere-edition-de-safi-investor-day-focus-sur-les-potentialites-riches-et-diversifiees-de-la-province","status":"publish","type":"post","link":"https:\/\/linitiative.ca\/International\/1ere-edition-de-safi-investor-day-focus-sur-les-potentialites-riches-et-diversifiees-de-la-province\/","title":{"rendered":"1\u00e8re \u00e9dition de \u00ab\u00a0Safi Investor Day\u00a0\u00bb : Focus sur les potentialit\u00e9s riches et diversifi\u00e9es de la province"},"content":{"rendered":"<div>\n<p><img decoding=\"async\" width=\"300\" height=\"153\" src=\"https:\/\/linitiative.ca\/International\/wp-content\/uploads\/sites\/23\/2022\/05\/Safi-Investor-Day-300x153-1.jpg\" class=\"attachment-medium size-medium wp-post-image\" alt=\"\" loading=\"lazy\" srcset=\"https:\/\/linitiative.ca\/International\/wp-content\/uploads\/sites\/23\/2022\/05\/Safi-Investor-Day-300x153-1.jpg 300w, https:\/\/aujourdhui.ma\/wp-content\/uploads\/2022\/05\/Safi-Investor-Day--274x140.jpg 274w, https:\/\/aujourdhui.ma\/wp-content\/uploads\/2022\/05\/Safi-Investor-Day-.jpg 746w, https:\/\/aujourdhui.ma\/wp-content\/uploads\/2022\/05\/Safi-Investor-Day--165x84.jpg 165w, https:\/\/aujourdhui.ma\/wp-content\/uploads\/2022\/05\/Safi-Investor-Day--702x358.jpg 702w\" sizes=\"auto, (max-width: 300px) 100vw, 300px\"><\/p>\n<p><span style=\"color: #800000;\"><strong>La 1\u00e8re \u00e9dition de \u00ab\u00a0Safi Investor Day\u00a0\u00bb, un \u00e9v\u00e9nement de grande envergure d\u00e9di\u00e9 \u00e0 mettre en avant les \u00e9normes potentialit\u00e9s que rec\u00e8le la province de Safi et \u00e0 favoriser un \u00e9change profitable entre les diff\u00e9rents acteurs \u00e9conomiques publics et priv\u00e9s, a \u00e9t\u00e9 organis\u00e9e mercredi dans la cit\u00e9 de l\u2019Oc\u00e9an, \u00e0 l\u2019initiative du Centre R\u00e9gional d\u2019Investissement Marrakech- Safi (CRI-MS).<\/strong> <\/span><span id=\"more-409022\"><\/span><\/p>\n<p>Organis\u00e9 sous l\u2019\u00e9gide de la wilaya de la r\u00e9gion Marrakech-Safi, en partenariat avec la province de Safi, ce rendez-vous s\u2019assigne pour objectif de mettre en exergue les atouts \u00e9conomiques, les strat\u00e9gies sectorielles ambitieuses de la province ainsi que les avantages industriels de Safi, au profit des investisseurs potentiels, locaux, nationaux ainsi qu\u2019internationaux.<\/p>\n<p><span style=\"font-size: 20px; color: #ff0000;\"><strong>Reportage Chafik Arich<\/strong><\/span><\/p>\n<\/div>\n<p>Auteur: ALM<br \/>\n<a href=\"https:\/\/aujourdhui.ma\/videos\/1ere-edition-de-safi-investor-day-focus-sur-les-potentialites-riches-et-diversifiees-de-la-province\">Cliquez ici pour lire l&rsquo;article depuis sa source.<\/a><\/p>\n","protected":false},"excerpt":{"rendered":"<p>La 1\u00e8re \u00e9dition de \u00ab\u00a0Safi Investor Day\u00a0\u00bb, un \u00e9v\u00e9nement de grande envergure d\u00e9di\u00e9 \u00e0 mettre en avant les \u00e9normes potentialit\u00e9s que rec\u00e8le la province de Safi et \u00e0 favoriser un \u00e9change profitable entre les diff\u00e9rents acteurs \u00e9conomiques publics et priv\u00e9s, a \u00e9t\u00e9 organis\u00e9e mercredi dans la cit\u00e9 de l\u2019Oc\u00e9an, \u00e0 l\u2019initiative du Centre R\u00e9gional d\u2019Investissement [&hellip;]<\/p>\n","protected":false},"author":1759,"featured_media":0,"comment_status":"closed","ping_status":"closed","sticky":false,"template":"","format":"standard","meta":{"fifu_image_url":"https:\/\/aujourdhui.ma\/wp-content\/uploads\/2022\/05\/Safi-Investor-Day--300x153.jpg","fifu_image_alt":"1\u00e8re \u00e9dition de \u00ab\u00a0Safi Investor Day\u00a0\u00bb : Focus sur les potentialit\u00e9s riches et diversifi\u00e9es de la province","footnotes":""},"categories":[73,54],"tags":[],"class_list":["post-148584","post","type-post","status-publish","format-standard","hentry","category-actualite","category-maroc"],"_links":{"self":[{"href":"https:\/\/linitiative.ca\/International\/wp-json\/wp\/v2\/posts\/148584","targetHints":{"allow":["GET"]}}],"collection":[{"href":"https:\/\/linitiative.ca\/International\/wp-json\/wp\/v2\/posts"}],"about":[{"href":"https:\/\/linitiative.ca\/International\/wp-json\/wp\/v2\/types\/post"}],"author":[{"embeddable":true,"href":"https:\/\/linitiative.ca\/International\/wp-json\/wp\/v2\/users\/1759"}],"replies":[{"embeddable":true,"href":"https:\/\/linitiative.ca\/International\/wp-json\/wp\/v2\/comments?post=148584"}],"version-history":[{"count":0,"href":"https:\/\/linitiative.ca\/International\/wp-json\/wp\/v2\/posts\/148584\/revisions"}],"wp:attachment":[{"href":"https:\/\/linitiative.ca\/International\/wp-json\/wp\/v2\/media?parent=148584"}],"wp:term":[{"taxonomy":"category","embeddable":true,"href":"https:\/\/linitiative.ca\/International\/wp-json\/wp\/v2\/categories?post=148584"},{"taxonomy":"post_tag","embeddable":true,"href":"https:\/\/linitiative.ca\/International\/wp-json\/wp\/v2\/tags?post=148584"}],"curies":[{"name":"wp","href":"https:\/\/api.w.org\/{rel}","templated":true}]}}