{"id":148592,"date":"2022-05-25T14:00:00","date_gmt":"2022-05-25T18:00:00","guid":{"rendered":"https:\/\/linitiative.ca\/International\/visite-au-maroc-du-chef-detat-major-general-des-forces-armees-mauritaniennes\/"},"modified":"2022-05-25T14:00:00","modified_gmt":"2022-05-25T18:00:00","slug":"visite-au-maroc-du-chef-detat-major-general-des-forces-armees-mauritaniennes","status":"publish","type":"post","link":"https:\/\/linitiative.ca\/International\/visite-au-maroc-du-chef-detat-major-general-des-forces-armees-mauritaniennes\/","title":{"rendered":"Visite au Maroc du chef d\u2019Etat-major g\u00e9n\u00e9ral des Forces arm\u00e9es mauritaniennes"},"content":{"rendered":"<div>\n<p class=\"has-text-align-center has-vivid-red-color has-text-color\"><strong>Coop\u00e9ration<\/strong><\/p>\n<p class=\"has-black-color has-text-color\"><strong>Sur Hautes Instructions de Sa Majest\u00e9 le Roi, Chef Supr\u00eame et Chef d\u2019\u00c9tat-major g\u00e9n\u00e9ral des Forces Arm\u00e9es Royales, M. Abdeltif Loudyi, ministre d\u00e9l\u00e9gu\u00e9 aupr\u00e8s du chef du gouvernement, charg\u00e9 de l\u2019Administration de la D\u00e9fense nationale s\u2019est entretenu, mardi au si\u00e8ge de cette administration, avec le G\u00e9n\u00e9ral de Division El Mokhtar Bolle Cha\u00e2bane, chef d\u2019\u00c9tat-major g\u00e9n\u00e9ral des Forces arm\u00e9es mauritaniennes, accompagn\u00e9 de l\u2019Ambassadeur de la R\u00e9publique islamique de Mauritanie, et ce, en marge de sa visite de travail dans le Royaume.<\/strong><\/p>\n<p class=\"has-black-color has-text-color\">Lors de cet entretien, les deux responsables ont r\u00e9affirm\u00e9 la n\u00e9cessit\u00e9 d\u2019approfondir et d\u2019\u00e9largir l\u2019\u00e9ventail de la coop\u00e9ration militaire bilat\u00e9rale dans le domaine de la d\u00e9fense et de la s\u00e9curit\u00e9 ainsi que la consolidation de l\u2019\u00e9change d\u2019exp\u00e9rience et d\u2019expertise entre les deux Forces arm\u00e9es dans la perspective de faire face aux menaces et d\u00e9fis s\u00e9curitaires, notamment la lutte contre l\u2019\u00e9migration clandestine et les trafics illicites, indique un communiqu\u00e9 de l\u2019\u00c9tat-major g\u00e9n\u00e9ral des Forces Arm\u00e9es Royales.<\/p>\n<p class=\"has-black-color has-text-color\">Les deux responsables ont salu\u00e9 les efforts du Maroc et de la Mauritanie pour dynamiser la coop\u00e9ration r\u00e9gionale \u00e0 l\u2019ouest de la M\u00e9diterran\u00e9e dans le cadre de l\u2019Initiative \u201c5+5 D\u00e9fense\u201d \u00e0 l\u2019occasion de la pr\u00e9sidence mauritanienne en 2021 et celle du Royaume du Maroc en 2022.<\/p>\n<p class=\"has-black-color has-text-color\">Aussi, dans la m\u00eame journ\u00e9e, et Sur Hautes Instructions de Sa Majest\u00e9 le Roi, Chef Supr\u00eame et Chef d\u2019\u00c9tat-major g\u00e9n\u00e9ral des Forces Arm\u00e9es Royales, le G\u00e9n\u00e9ral de Corps d\u2019Arm\u00e9e, Inspecteur G\u00e9n\u00e9ral des FAR et Commandant la Zone Sud, a re\u00e7u au niveau de l\u2019\u00c9tat-major g\u00e9n\u00e9ral des FAR \u00e0 Rabat, le G\u00e9n\u00e9ral de Division El Mokhtar Bolle Cha\u00e2bane.<\/p>\n<p class=\"has-black-color has-text-color\">Lors de cette entrevue, qui s\u2019est d\u00e9roul\u00e9e en pr\u00e9sence des Chefs des Bureaux concern\u00e9s de l\u2019\u00c9tat-major g\u00e9n\u00e9ral des FAR ainsi que des membres de la d\u00e9l\u00e9gation mauritanienne, les deux parties ont mis en exergue les relations bilat\u00e9rales d\u2019amiti\u00e9 et de coop\u00e9ration militaire entre les deux pays.<\/p>\n<p class=\"has-black-color has-text-color\">Par la suite, les deux responsables ont co-pr\u00e9sid\u00e9 les travaux de la 3\u00e8me r\u00e9union de la Commission militaire mixte maroco-mauritanienne, portant sur le bilan des activit\u00e9s de coop\u00e9ration bilat\u00e9rale pour l\u2019ann\u00e9e 2021 et la planification des activit\u00e9s militaires au titre des ann\u00e9es 2022-2023, li\u00e9es notamment aux domaines de la formation, de l\u2019entrainement op\u00e9rationnel, du soutien technique et des \u00e9changes de visites et d\u2019expertise.<\/p>\n<p class=\"has-black-color has-text-color\">La coop\u00e9ration militaire maroco-mauritanienne est r\u00e9gie par un m\u00e9morandum portant sur la cr\u00e9ation de la commission militaire mixte sign\u00e9 au Maroc, le 21 juillet 2006.<\/p>\n<p>L\u2019article <a rel=\"nofollow\" href=\"http:\/\/albayane.press.ma\/visite-au-maroc-du-chef-detat-major-general-des-forces-armees-mauritaniennes.html\">Visite au Maroc du chef d\u2019Etat-major g\u00e9n\u00e9ral des Forces arm\u00e9es mauritaniennes<\/a> est apparu en premier sur <a rel=\"nofollow\" href=\"http:\/\/albayane.press.ma\/\">ALBAYANE<\/a>.<\/p>\n<\/div>\n<p>Auteur: M&rsquo;hammed rahal<br \/>\n<a href=\"http:\/\/albayane.press.ma\/visite-au-maroc-du-chef-detat-major-general-des-forces-armees-mauritaniennes.html\">Cliquez ici pour lire l&rsquo;article depuis sa source.<\/a><\/p>\n","protected":false},"excerpt":{"rendered":"<p>Coop\u00e9ration Sur Hautes Instructions de Sa Majest\u00e9 le Roi, Chef Supr\u00eame et Chef d\u2019\u00c9tat-major g\u00e9n\u00e9ral des Forces Arm\u00e9es Royales, M. Abdeltif Loudyi, ministre d\u00e9l\u00e9gu\u00e9 aupr\u00e8s du chef du gouvernement, charg\u00e9 de l\u2019Administration de la D\u00e9fense nationale s\u2019est entretenu, mardi au si\u00e8ge de cette administration, avec le G\u00e9n\u00e9ral de Division El Mokhtar Bolle Cha\u00e2bane, chef d\u2019\u00c9tat-major [&hellip;]<\/p>\n","protected":false},"author":1760,"featured_media":0,"comment_status":"closed","ping_status":"closed","sticky":false,"template":"","format":"standard","meta":{"fifu_image_url":"","fifu_image_alt":"","footnotes":""},"categories":[73,54],"tags":[],"class_list":["post-148592","post","type-post","status-publish","format-standard","hentry","category-actualite","category-maroc"],"_links":{"self":[{"href":"https:\/\/linitiative.ca\/International\/wp-json\/wp\/v2\/posts\/148592","targetHints":{"allow":["GET"]}}],"collection":[{"href":"https:\/\/linitiative.ca\/International\/wp-json\/wp\/v2\/posts"}],"about":[{"href":"https:\/\/linitiative.ca\/International\/wp-json\/wp\/v2\/types\/post"}],"author":[{"embeddable":true,"href":"https:\/\/linitiative.ca\/International\/wp-json\/wp\/v2\/users\/1760"}],"replies":[{"embeddable":true,"href":"https:\/\/linitiative.ca\/International\/wp-json\/wp\/v2\/comments?post=148592"}],"version-history":[{"count":0,"href":"https:\/\/linitiative.ca\/International\/wp-json\/wp\/v2\/posts\/148592\/revisions"}],"wp:attachment":[{"href":"https:\/\/linitiative.ca\/International\/wp-json\/wp\/v2\/media?parent=148592"}],"wp:term":[{"taxonomy":"category","embeddable":true,"href":"https:\/\/linitiative.ca\/International\/wp-json\/wp\/v2\/categories?post=148592"},{"taxonomy":"post_tag","embeddable":true,"href":"https:\/\/linitiative.ca\/International\/wp-json\/wp\/v2\/tags?post=148592"}],"curies":[{"name":"wp","href":"https:\/\/api.w.org\/{rel}","templated":true}]}}