{"id":148593,"date":"2022-05-25T14:00:00","date_gmt":"2022-05-25T18:00:00","guid":{"rendered":"https:\/\/linitiative.ca\/International\/aziz-lintellectuel-revolutionnaire-qui-a-su-lier-la-pensee-a-laction\/"},"modified":"2022-05-25T14:00:00","modified_gmt":"2022-05-25T18:00:00","slug":"aziz-lintellectuel-revolutionnaire-qui-a-su-lier-la-pensee-a-laction","status":"publish","type":"post","link":"https:\/\/linitiative.ca\/International\/aziz-lintellectuel-revolutionnaire-qui-a-su-lier-la-pensee-a-laction\/","title":{"rendered":"AZIZ, l\u2019intellectuel r\u00e9volutionnaire, qui a su lier la pens\u00e9e \u00e0 l\u2019action"},"content":{"rendered":"<div>\n<p class=\"has-text-align-center has-vivid-red-color has-text-color\"><strong>Au 40\u00e8me anniversaire de sa disparition<\/strong><\/p>\n<p class=\"has-text-align-center has-vivid-cyan-blue-color has-text-color\"><strong>L\u2019oraison fun\u00e8bre prononc\u00e9e par feu Ali Yata<\/strong><\/p>\n<p class=\"has-black-color has-text-color\"><strong>Aziz ! Oh toi le plus pr\u00e9cieux des camarades, des amis. Ainsi tu nous quittes, sans avertir, ni pr\u00e9venir, nous \u00e9tions pourtant ensemble jusqu\u2019aux derni\u00e8res heures de la nuit du vendredi au samedi, jusqu\u2019au matin, o\u00f9 nous discutions fraternellement ensemble, comme \u00e0 l\u2019accoutum\u00e9e. Jamais nous n\u2019aurions pr\u00e9vu qu\u2019il s\u2019agissait l\u00e0 de notre ultime rencontre.<\/strong><\/p>\n<p class=\"has-black-color has-text-color\">Comme il nous co\u00fbte de ne pas avoir \u00e9t\u00e9 \u00e0 tes c\u00f4t\u00e9s, pour les derniers instants.<\/p>\n<p class=\"has-black-color has-text-color\">Combien nous sommes afflig\u00e9s de ne pas avoir pu recueillir tes derni\u00e8res paroles.<\/p>\n<p class=\"has-black-color has-text-color\">Notre douleur et notre affliction sont multiples par le fait que tu es mort loin de la patrie et des tiens, de tes proches, de tes camarades, tes amis, ceux qui t\u2019aimaient, loin du peuple prol\u00e9taire.<\/p>\n<p class=\"has-black-color has-text-color\">Comment t\u2019invoquer, \u00f4 toi le p\u00e8re d\u2019Abdelkrim, quand tous les glossaires du monde ne suffiraient pas \u00e0 traduire notre peine et notre tristesse !<\/p>\n<p class=\"has-black-color has-text-color\">Comment te pleurer, quand les larmes et les sanglots sont incapables de porter l\u2019ampleur de notre douleur.<\/p>\n<p class=\"has-black-color has-text-color\">Et quelles condol\u00e9ances pour une perte de cette envergure, quand ta disparition repr\u00e9sente une v\u00e9ritable catastrophe nationale, alors que tu nous as quitt\u00e9s au fait de tes capacit\u00e9s, au summum de tes potentialit\u00e9s, tandis que la patrie et le peuple avaient un besoin pr\u00e9cieux de ton concours et de ton exp\u00e9rience.<\/p>\n<p class=\"has-black-color has-text-color\">La tragique nouvelle, celle de ton d\u00e9part \u00e0 jamais, a pr\u00e9sent\u00e9 pour nous, et tous ceux qui te connaissent et t\u2019appr\u00e9ciaient, un choc qui nous a frapp\u00e9 de plein fouet.<\/p>\n<p class=\"has-black-color has-text-color\">Il ne pouvait pas en aller autrement pour nous qui connaissions si bien ta vie, qui avions lutt\u00e9 avec toi !<\/p>\n<p class=\"has-black-color has-text-color\">Au parti, nous te connaissions depuis trente et un ans. Et nous pouvons attester que cette trentaine d\u2019ann\u00e9es a \u00e9t\u00e9 remplie par un combat men\u00e9 sans r\u00e9pit ni interruption.<\/p>\n<p class=\"has-black-color has-text-color\">Nous savons que tu avais rejoint les rangs de la lutte depuis le plus jeune \u00e2ge, avant m\u00eame ton adh\u00e9sion au Parti.<\/p>\n<p class=\"has-black-color has-text-color\">Tu avais perdu ton p\u00e8re tr\u00e8s t\u00f4t et c\u2019est ta m\u00e8re qui t\u2019avait \u00e9lev\u00e9 et qui \u00e9duqua tes fr\u00e8res et ta s\u0153ur de la fa\u00e7on le plus appropri\u00e9e, malgr\u00e9 la modestie de ses moyens mat\u00e9riels.<\/p>\n<p class=\"has-black-color has-text-color\">Mais tu savais te contenter de peu. Depuis ton enfance, tu avais appris \u00e0 compter essentiellement sur tes propres moyens, tu as appris et poursuivi dans tes efforts gr\u00e2ce \u00e0 ta seule volont\u00e9.<\/p>\n<p class=\"has-black-color has-text-color\">C\u2019est ainsi que tu achevas avec succ\u00e8s tes \u00e9tudes secondaires au lyc\u00e9e d\u2019Oujda, obtins la licence de droit \u00e0 Rabat, d\u00e9crocha le dipl\u00f4me de troisi\u00e8me cycle \u00e0 Toulouse, puis acc\u00e9das au titre de Docteur d\u2019Etat \u00e0 Grenoble.<\/p>\n<p class=\"has-black-color has-text-color\">Mais de pair avec tes \u00e9tudes universitaires, tu parvins \u00e0 acqu\u00e9rir une culture g\u00e9n\u00e9rale, ample, autant litt\u00e9raire qu\u2019artistique et scientifique, tout en te sp\u00e9cialisant dans les sciences \u00e9conomiques et notamment dans son rapport au Tiers Monde. Ta culture avait fait de toi un intellectuel d\u2019envergure encyclop\u00e9dique, de premier plan. Tu \u00e9tais devenu une r\u00e9f\u00e9rence.<\/p>\n<p class=\"has-black-color has-text-color\">Il me souvient que tu avais adh\u00e9r\u00e9 au Parti communiste marocain alors que tu \u00e9tais tout jeune, poursuivant tes \u00e9tudes, en 1951 : tu n\u2019avais que vingt ans.<\/p>\n<p class=\"has-black-color has-text-color\">\u00c0 cette \u00e9poque, le peuple marocain se pr\u00e9parait \u00e0 franchir une \u00e9tape d\u00e9cisive dans son long et ardu combat pour l\u2019ind\u00e9pendance et la lib\u00e9ration.<\/p>\n<p class=\"has-black-color has-text-color\">Sur le-champ, tu en as particip\u00e9 \u00e0 la direction, en prenant des responsabilit\u00e9s, en affrontant les difficult\u00e9s, en acceptant les sacrifices, \u00e0 un moment o\u00f9 cette promotion politique \u00e9tait plus un fardeau qu\u2019un honneur.<\/p>\n<p class=\"has-black-color has-text-color\">C\u2019est l\u2019intelligence sup\u00e9rieure, la clairvoyance, la ma\u00eetrise dans l\u2019analyse scientifique, la comp\u00e9tence alli\u00e9e au s\u00e9rieux et \u00e0 la maturit\u00e9 qui t\u2019habitaient, qui expliquent la confiance plac\u00e9e en toi par tes camarades.<\/p>\n<p class=\"has-black-color has-text-color\">Cette promotion politique vint accompagner ton int\u00e9gration \u00e0 l\u2019universit\u00e9 en tant que professeur en sciences \u00e9conomiques.<\/p>\n<p class=\"has-black-color has-text-color\">Depuis cette \u00e9poque, tu luttais en m\u00eame temps sur trois fronts : l\u2019enseignement, la lutte politique et la recherche scientifique.<\/p>\n<p class=\"has-black-color has-text-color\">Ainsi, tu dispensais des enseignements aux facult\u00e9s de Rabat et de Casablanca et \u00e0 l\u2019ISCAE. Tu as donc form\u00e9 des g\u00e9n\u00e9rations d\u2019intellectuels, de sp\u00e9cialistes : combien aujourd\u2019hui, parmi eux qui sont des cadres au poste de d\u00e9cisions dans le pays !<\/p>\n<p class=\"has-black-color has-text-color\">Tu avais tenu \u00e0 rester \u00e0 l\u2019universit\u00e9, Professeur et formateur de la jeunesse, alors qu\u2019il \u00e9tait permis \u2013si tu l\u2019avais voulu \u2013 d\u2019esp\u00e9rer acc\u00e9der aux plus hautes responsabilit\u00e9s, occuper les plus hautes fonctions, b\u00e9n\u00e9ficier des plus grands privil\u00e8ges, vivre dans le faste et l\u2019opulence, en laissant de c\u00f4t\u00e9 la voie ardue du combat p\u00e9nible, plein de p\u00e9rils.<\/p>\n<p class=\"has-black-color has-text-color\">Sur le front politique, tu assumais pleinement la t\u00e2che de membre de la direction du Parti. C\u2019est avec ton concours que toutes les d\u00e9cisions furent prises, durant pratiquement trente ann\u00e9es. Ta contribution personnelle dans ce cadre fut sp\u00e9cifi\u00e9e et pr\u00e9cieuse, compte tenu de ta connaissance approfondie du socialisme scientifique, ta ma\u00eetrise compl\u00e8te des lois de l\u2019\u00e9volution sociale, les capacit\u00e9s personnelles qui s\u2019appuyaient sur une base scientifique, et ta riche et grande exp\u00e9rience.<\/p>\n<p class=\"has-black-color has-text-color\">De m\u00eame tu jouais un r\u00f4le irrempla\u00e7able dans l\u2019analyse de la situation \u00e9conomique et la mise au point de plans et programmes de lutte contre le sous-d\u00e9veloppement, pour garantir le redressement, le progr\u00e8s, le d\u00e9veloppement.<\/p>\n<p class=\"has-black-color has-text-color\">Tu te distinguais, \u00e9galement, par ton patriotisme authentique, qui avait trouv\u00e9 son expression par le biais des liens \u00e9troits qui t\u2019unissaient aux r\u00e9alit\u00e9s de ton pays et de ton peuple, par ton soutien continu \u00e0 la d\u00e9fense de l\u2019unit\u00e9 territoriale de la patrie, ton combat infatigable pour la d\u00e9mocratie et la justice sociale, ton d\u00e9vouement \u00e0 la cause des d\u00e9sh\u00e9rit\u00e9s, ta ferme conviction dans la n\u00e9cessit\u00e9 de parvenir \u00e0 l\u2019union de toutes les forces progressistes et patriotiques, ton action inlassable dans cette direction.<\/p>\n<p class=\"has-black-color has-text-color\">Ton patriotisme de la plus pure eau s\u2019accompagnait d\u2019un internationalisme \u00e0 toute \u00e9preuve, ce qui a fait de toi une figure de prou du mouvement ouvrier international, une personnalit\u00e9 remarquable dans la lutte r\u00e9solue contre l\u2019imp\u00e9rialisme, le n\u00e9ocolonialisme, le sionisme et la r\u00e9action, pour l\u2019unit\u00e9 maghr\u00e9bine, pour la cause arabe et palestinienne, pour la d\u00e9fense des peuples de l\u2019aurique et du Tiers-Monde, pour la paix et la s\u00e9curit\u00e9 dans le monde pour la consolidation des liens de fraternit\u00e9, de coop\u00e9ration et d\u2019amiti\u00e9 entre les peuples.<\/p>\n<p class=\"has-black-color has-text-color\">Tu te distinguais de m\u00eame par le travail militant sans rel\u00e2che que tu menais, surtout pour faire conna\u00eetre la ligne politique et les id\u00e9es du Parti. Personne, plus que toi, n\u2019avait tenu autant de conf\u00e9rences. Toutes les villes aspirent \u00e0 te conna\u00eetre \u00e0 travers les meetings, les rassemblements, les r\u00e9unions, comme ce fut le cas pour les instances r\u00e9gionales et internationales.<\/p>\n<p class=\"has-black-color has-text-color\">Mais parall\u00e8lement, tu avais une production journalistique dense. Tu prenais la plume pour d\u00e9fendre la patrie et le peuple et propager les positions du Parti, ses principes, ses programmes. Combien nombreux sont les articles que tu r\u00e9digeas, surtout dans le domaine \u00e9conomique, qui sont aujourd\u2019hui une richesse dont nous sommes fiers et un h\u00e9ritage sur lequel nous veillerons jalousement.<\/p>\n<p class=\"has-black-color has-text-color\">Sur le front de la recherche scientifique, tu avais men\u00e9 \u00e0 bien des \u00e9tudes \u00e9conomiques et financi\u00e8res qui concernaient tant le Maroc que le \u00abTiers-Monde\u00bb et les pays socialistes. Tu avais des contacts avec les universit\u00e9s \u00e9trang\u00e8res, en France, en URSS, en Am\u00e9rique latine et ailleurs. Certaines de tes contributions furent publi\u00e9es, alors d\u2019autres devaient l\u2019\u00eatre.<\/p>\n<p class=\"has-black-color has-text-color\">Ta vie, \u00f4 notre Aziz que nous pleurons, fut pleine et remplie d\u2019une activit\u00e9 riche et intense, port\u00e9e par le d\u00e9vouement et la fid\u00e9lit\u00e9.<\/p>\n<p class=\"has-black-color has-text-color\">Mais en m\u00eame temps, tu demeurais d\u2019une modestie sans \u00e9gale, qui touchait \u00e0 l\u2019effacement, au point que tous ceux qui t\u2019avaient connu, amis ou adversaires, t\u00e9moignent de ta gentillesse sinc\u00e8re, de ton humanisme profond, de ta courtoisie in\u00e9branlable. Ils savent qu\u2019outre tes qualit\u00e9s remarquables de penseur, d\u2019intellectuel, d\u2019enseignant, de dirigeant ouvrier de premier plan, tu \u00e9tais cher \u00e0 tes camarades, tes amis, tes \u00e9tudiants, respect\u00e9 par tes adversaires politiques, que tu savais affronter avec rigueur et d\u00e9termination mais aussi en les respectant avec calme et sens de la mesure.<\/p>\n<p class=\"has-black-color has-text-color\">Parmi tes qualit\u00e9s de militant, il en est une qui te distinguait tout sp\u00e9cialement et qui devra inspirer tes camarades rest\u00e9s en vie : Il s\u2019agit de ton attachement exemplaire \u00e0 la discipline de ton Parti.<\/p>\n<p class=\"has-black-color has-text-color\">Tu d\u00e9fendais, certes tes points de vue avec force et franchise. Mais tu te pliais toujours \u00e0 la d\u00e9cision collective et aux positions du parti.<\/p>\n<p class=\"has-black-color has-text-color\">\u00c0 ton honneur aussi, que les hautes fonctions ne pouvaient te corrompre : outre le fait que tu tenais \u00e0 poursuivre dans ton m\u00e9tier d\u2019enseignant universitaire, on ne peut oublier qu\u2019\u00e0 la fin des ann\u00e9es 1950, quand tu occupais une haute place dans l\u2019appareil de l\u2019Etat, le Parti te demanda pour des raisons politiques de renoncer \u00e0 cette fonction. Et nous nous rappelons parfaitement que tu n\u2019h\u00e9sitas pas une seconde \u00e0 obtemp\u00e9rer, alors que d\u2019autres, eux refus\u00e8rent\u2026<\/p>\n<p class=\"has-black-color has-text-color\">La meilleure preuve que tu n\u2019avais pas c\u00e9d\u00e9 devant les offres et les pr\u00e9bendes, c\u2019est que tu quittes la vie sans biens ni richesses, alors que tu aurais pu, si tu l\u2019avais voulu, amasser une fortune importante.<\/p>\n<p class=\"has-black-color has-text-color\">Mais plus que tout, combien grande \u00e9tait ta g\u00e9n\u00e9rosit\u00e9, \u00f4 p\u00e8re d\u2019Abdelkrim.<\/p>\n<p class=\"has-black-color has-text-color\">Ta porte demeurait toujours ouverte \u00e0 tous ceux qui s\u2019y pr\u00e9sentaient. Ton domicile \u00e9tait pratiquement devenu une annexe de l\u2019Universit\u00e9, o\u00f9 les \u00e9tudiants n\u2019h\u00e9sitaient pas \u00e0 se rendre pour que tu leur prodigues conseils, aide et recommandations.<\/p>\n<p class=\"has-black-color has-text-color\">Tu ne disposais pour vivre que de ton salaire, mais malgr\u00e9 cela, tu aidais financi\u00e8rement le Parti. Plus que cela encore, tu avais insist\u00e9 pour que tes indemnit\u00e9s per\u00e7ues en qualit\u00e9 de vice Pr\u00e9sident du Conseil communal d\u2019Ain Diab lui soient vers\u00e9es, alors que ta commune se souviendra de toi comme d\u2019un conseiller actif, toujours au service des citoyens et du bien du public.<\/p>\n<p class=\"has-black-color has-text-color\">O notre regrett\u00e9 Aziz. En v\u00e9rit\u00e9, tu repr\u00e9sentais un mod\u00e8le vivant, un exemple brillant d\u2019intellectuel r\u00e9volutionnaire, qui avait su lier la th\u00e9orie \u00e0 la pratique, la pens\u00e9e \u00e0 l\u2019action, le patriotisme \u00e0 l\u2019internationalisme qui appliqua d\u2019une fa\u00e7on vivante et cr\u00e9atrice, le socialisme scientifique aux donn\u00e9es concr\u00e8tes de notre pays qui puise ses racines dans la civilisation islamique.<\/p>\n<p class=\"has-black-color has-text-color\">Comment s\u2019\u00e9tonner que le Parti soit fier de toi, de ton militantisme dans ses rangs. Ils ne se trompaient pas les camarades, quand ils faisaient de toi un symbole du Parti, et quand il leur arrivait de dire que c\u2019\u00e9tait le parti de Aziz Belal, sans avoir \u00e0 en dire plus parce qu\u2019il n\u2019existait qu\u2019un seul Aziz Belal au Maroc, toi. Toi dont l\u2019exemplarit\u00e9 est rarement produite par l\u2019histoire.<\/p>\n<p class=\"has-black-color has-text-color\">Voil\u00e0 pourquoi tu vivras parmi nous, \u00e0 travers les milliers de camarades que tu as form\u00e9s, \u00e0 qui tu as servi et tu serviras d\u2019exemple, \u00e0 travers les milliers de cadres que tu as instruits d\u2019une fa\u00e7on si valable, \u00e0 travers des g\u00e9n\u00e9rations enti\u00e8res d\u2019intellectuels dont tu \u00e9tais le meilleur \u00e9ducateur.<\/p>\n<p class=\"has-black-color has-text-color\">Oui, tu vivras parmi nous, car la bonne graine ne meurt que pour donner de nouveaux \u00e9pis, et tu \u00e9tais de ceux-l\u00e0.<\/p>\n<p class=\"has-black-color has-text-color\">Nous sommes convaincus, au moment o\u00f9 nous portons en terre ta d\u00e9pouille mortelle, avant que l\u2019herbe ne pousse sur ta tombe, tes id\u00e9es et ton haut axe, tes id\u00e9es et ton haut exemple auront germ\u00e9 dans les c\u0153urs de milliers de jeunes et fray\u00e9 leur voie pour se propager \u00e0 travers les g\u00e9n\u00e9rations et l\u2019ar\u00e8ne de la lutte.<\/p>\n<p class=\"has-black-color has-text-color\">Tu vivras pour nous, car tes camarades sauront s\u2019inspirer de tes valeurs militantes et nobles, de ta probit\u00e9 r\u00e9volutionnaire hors de prix.<\/p>\n<p class=\"has-black-color has-text-color\">Immanquablement, ils tireront des enseignements en mati\u00e8re de fid\u00e9lit\u00e9 au parti, \u00e0 la classe ouvri\u00e8re, aux masses populaires, et de d\u00e9vouement au service des causes de la patrie et du peuple.<\/p>\n<p class=\"has-black-color has-text-color\">Ils apprendront beaucoup de toi. Toi qui fus un militant courageux, humble et r\u00e9fl\u00e9chi. Un militant qui ne fuyait pas devant les difficult\u00e9s et les dangers. Un militant qui sut rester ferme et r\u00e9solu, dans les conditions ardues de la clandestinit\u00e9, comme \u00e0 l\u2019\u00e8re de la l\u00e9galit\u00e9, qui n\u2019est pas pour autant facile\u2026 Un militant qui sut \u00eatre, dans toutes les \u00e9preuves que traversa le Parti, un de ses piliers, un de ses bastions.<\/p>\n<p class=\"has-black-color has-text-color\">Permettez-nous, cher et regrett\u00e9 camarade Aziz, de d\u00e9poser ta d\u00e9pouille mortelle dans sa derni\u00e8re demeure, tandis que ton \u00e9toile continuera de scintiller au firmament du parti, et que ton action b\u00e9n\u00e9fique continuera d\u2019\u00e9clairer notre voie.<\/p>\n<p class=\"has-black-color has-text-color\">Nous te jurons de poursuivre le chemin \u00e0 l\u2019\u00e9laboration duquel tu avais particip\u00e9, et dans le d\u00e9frichement duquel tu jouas un grand r\u00f4le.<\/p>\n<p class=\"has-black-color has-text-color\">Nos condol\u00e9ances les plus attrist\u00e9es vont \u00e0 ta femme, notre camarade, \u00e0 tes fr\u00e8res, \u00e0 tes deux fils Abdelkrim et Youssef, \u00e0 tes cousins venus de l\u2019Alg\u00e9rie s\u0153ur.<\/p>\n<p class=\"has-black-color has-text-color\">O Aziz, tu as fait ton devoir, tu as accompli ta t\u00e2che toute ta vie durant, \u00e0 l\u2019\u00e9gard de ta patrie, de ton peuple, de ton Parti. Tu es mort dans l\u2019accomplissement de ton devoir.<\/p>\n<p class=\"has-black-color has-text-color\">Hommage \u00e0 toi ! Que le salut soit sur toi, pour ta vie et pour ta mort!<\/p>\n<p>L\u2019article <a rel=\"nofollow\" href=\"http:\/\/albayane.press.ma\/aziz-lintellectuel-revolutionnaire-qui-a-su-lier-la-pensee-a-laction-2.html\">AZIZ, l\u2019intellectuel r\u00e9volutionnaire, qui a su lier la pens\u00e9e \u00e0 l\u2019action<\/a> est apparu en premier sur <a rel=\"nofollow\" href=\"http:\/\/albayane.press.ma\/\">ALBAYANE<\/a>.<\/p>\n<\/div>\n<p>Auteur: M&rsquo;hammed rahal<br \/>\n<a href=\"http:\/\/albayane.press.ma\/aziz-lintellectuel-revolutionnaire-qui-a-su-lier-la-pensee-a-laction-2.html\">Cliquez ici pour lire l&rsquo;article depuis sa source.<\/a><\/p>\n","protected":false},"excerpt":{"rendered":"<p>Au 40\u00e8me anniversaire de sa disparition L\u2019oraison fun\u00e8bre prononc\u00e9e par feu Ali Yata Aziz ! Oh toi le plus pr\u00e9cieux des camarades, des amis. Ainsi tu nous quittes, sans avertir, ni pr\u00e9venir, nous \u00e9tions pourtant ensemble jusqu\u2019aux derni\u00e8res heures de la nuit du vendredi au samedi, jusqu\u2019au matin, o\u00f9 nous discutions fraternellement ensemble, comme \u00e0 [&hellip;]<\/p>\n","protected":false},"author":1760,"featured_media":0,"comment_status":"closed","ping_status":"closed","sticky":false,"template":"","format":"standard","meta":{"fifu_image_url":"","fifu_image_alt":"","footnotes":""},"categories":[73,54],"tags":[],"class_list":["post-148593","post","type-post","status-publish","format-standard","hentry","category-actualite","category-maroc"],"_links":{"self":[{"href":"https:\/\/linitiative.ca\/International\/wp-json\/wp\/v2\/posts\/148593","targetHints":{"allow":["GET"]}}],"collection":[{"href":"https:\/\/linitiative.ca\/International\/wp-json\/wp\/v2\/posts"}],"about":[{"href":"https:\/\/linitiative.ca\/International\/wp-json\/wp\/v2\/types\/post"}],"author":[{"embeddable":true,"href":"https:\/\/linitiative.ca\/International\/wp-json\/wp\/v2\/users\/1760"}],"replies":[{"embeddable":true,"href":"https:\/\/linitiative.ca\/International\/wp-json\/wp\/v2\/comments?post=148593"}],"version-history":[{"count":0,"href":"https:\/\/linitiative.ca\/International\/wp-json\/wp\/v2\/posts\/148593\/revisions"}],"wp:attachment":[{"href":"https:\/\/linitiative.ca\/International\/wp-json\/wp\/v2\/media?parent=148593"}],"wp:term":[{"taxonomy":"category","embeddable":true,"href":"https:\/\/linitiative.ca\/International\/wp-json\/wp\/v2\/categories?post=148593"},{"taxonomy":"post_tag","embeddable":true,"href":"https:\/\/linitiative.ca\/International\/wp-json\/wp\/v2\/tags?post=148593"}],"curies":[{"name":"wp","href":"https:\/\/api.w.org\/{rel}","templated":true}]}}